{"id":5794,"date":"2023-10-30T09:27:18","date_gmt":"2023-10-30T08:27:18","guid":{"rendered":"https:\/\/agora.xtec.cat\/ceiplajota\/?p=5794"},"modified":"2023-10-29T17:43:36","modified_gmt":"2023-10-29T16:43:36","slug":"taller-de-consum-per-infants-di5","status":"publish","type":"post","link":"https:\/\/agora.xtec.cat\/ceiplajota\/infantil\/taller-de-consum-per-infants-di5\/","title":{"rendered":"Taller de consum per infants d&#8217;I5"},"content":{"rendered":"<p>Fa uns dies ens van visitar a l&#8217;escola el Cristian i la Cristina per realitzar un taller de consum.<\/p>\n<p>El taller era dirigit als nens i les nenes d&#8217;I5. Va ser molt divertit! i els infants v<a href=\"https:\/\/photos.app.goo.gl\/aKWmga8mq4phz7c2A\"><img loading=\"lazy\" decoding=\"async\" class=\" wp-image-5795 alignright\" src=\"https:\/\/agora.xtec.cat\/ceiplajota\/wp-content\/uploads\/usu1571\/2023\/10\/2BAFB92C-5C27-4E89-B104-B850D2E7929F_1_105_c-1024x748.jpeg\" alt=\"\" width=\"245\" height=\"179\" srcset=\"https:\/\/agora.xtec.cat\/ceiplajota\/wp-content\/uploads\/usu1571\/2023\/10\/2BAFB92C-5C27-4E89-B104-B850D2E7929F_1_105_c-1024x748.jpeg 1024w, https:\/\/agora.xtec.cat\/ceiplajota\/wp-content\/uploads\/usu1571\/2023\/10\/2BAFB92C-5C27-4E89-B104-B850D2E7929F_1_105_c-300x219.jpeg 300w, https:\/\/agora.xtec.cat\/ceiplajota\/wp-content\/uploads\/usu1571\/2023\/10\/2BAFB92C-5C27-4E89-B104-B850D2E7929F_1_105_c-768x561.jpeg 768w, https:\/\/agora.xtec.cat\/ceiplajota\/wp-content\/uploads\/usu1571\/2023\/10\/2BAFB92C-5C27-4E89-B104-B850D2E7929F_1_105_c.jpeg 1037w\" sizes=\"auto, (max-width: 245px) 100vw, 245px\" \/><\/a>am aprendre moltes coses entre elles: la import\u00e0ncia de demanar el tiquet de compra, de qu\u00e8 i com hem de comprar, qu\u00e8 ha de tenir un tiquet, on hem de comprar i si hem de reclamar,&#8230; i moltes coses m\u00e9s. I sabeu que \u00e9s el millor? que ho vam aprendre a trav\u00e9s del joc!<\/p>\n<p><a href=\"https:\/\/photos.app.goo.gl\/aKWmga8mq4phz7c2A\">Si voleu veure alguns moments podeu clicar aqu\u00ed<\/a>.<\/p>\n<p>&nbsp;<\/p>\n","protected":false},"excerpt":{"rendered":"<p>Fa uns dies ens van visitar a l&#8217;escola el Cristian i la Cristina per realitzar un taller de consum.<br \/>\nEl taller era dirigit als nens i les nenes d&#8217;I5. Va ser molt divertit! i els infants v<a href=\"https:\/\/photos.app.goo.gl\/aKWmga8mq4phz7c2A\"><\/a>am aprendre moltes coses entre elles: la import\u00e0ncia de&hellip;  <a href=\"https:\/\/agora.xtec.cat\/ceiplajota\/infantil\/taller-de-consum-per-infants-di5\/\" title=\"Read Taller de consum per infants d&#8217;I5\">Llegeix m\u00e9s\u00bb<\/a><\/p>\n","protected":false},"author":34,"featured_media":0,"comment_status":"open","ping_status":"closed","sticky":false,"template":"","format":"standard","meta":{"_bbp_topic_count":0,"_bbp_reply_count":0,"_bbp_total_topic_count":0,"_bbp_total_reply_count":0,"_bbp_voice_count":0,"_bbp_anonymous_reply_count":0,"_bbp_topic_count_hidden":0,"_bbp_reply_count_hidden":0,"_bbp_forum_subforum_count":0,"footnotes":""},"categories":[2,9],"tags":[],"class_list":["post-5794","post","type-post","status-publish","format-standard","hentry","category-infantil","category-p5"],"post_mailing_queue_ids":[],"_links":{"self":[{"href":"https:\/\/agora.xtec.cat\/ceiplajota\/wp-json\/wp\/v2\/posts\/5794","targetHints":{"allow":["GET"]}}],"collection":[{"href":"https:\/\/agora.xtec.cat\/ceiplajota\/wp-json\/wp\/v2\/posts"}],"about":[{"href":"https:\/\/agora.xtec.cat\/ceiplajota\/wp-json\/wp\/v2\/types\/post"}],"author":[{"embeddable":true,"href":"https:\/\/agora.xtec.cat\/ceiplajota\/wp-json\/wp\/v2\/users\/34"}],"replies":[{"embeddable":true,"href":"https:\/\/agora.xtec.cat\/ceiplajota\/wp-json\/wp\/v2\/comments?post=5794"}],"version-history":[{"count":2,"href":"https:\/\/agora.xtec.cat\/ceiplajota\/wp-json\/wp\/v2\/posts\/5794\/revisions"}],"predecessor-version":[{"id":5797,"href":"https:\/\/agora.xtec.cat\/ceiplajota\/wp-json\/wp\/v2\/posts\/5794\/revisions\/5797"}],"wp:attachment":[{"href":"https:\/\/agora.xtec.cat\/ceiplajota\/wp-json\/wp\/v2\/media?parent=5794"}],"wp:term":[{"taxonomy":"category","embeddable":true,"href":"https:\/\/agora.xtec.cat\/ceiplajota\/wp-json\/wp\/v2\/categories?post=5794"},{"taxonomy":"post_tag","embeddable":true,"href":"https:\/\/agora.xtec.cat\/ceiplajota\/wp-json\/wp\/v2\/tags?post=5794"}],"curies":[{"name":"wp","href":"https:\/\/api.w.org\/{rel}","templated":true}]}}