{"id":5773,"date":"2023-10-06T02:05:25","date_gmt":"2023-10-06T00:05:25","guid":{"rendered":"https:\/\/agora.xtec.cat\/ceiplajota\/?p=5773"},"modified":"2023-10-09T00:10:41","modified_gmt":"2023-10-08T22:10:41","slug":"1r-deso-anem-de-colonies","status":"publish","type":"post","link":"https:\/\/agora.xtec.cat\/ceiplajota\/general\/1r-deso-anem-de-colonies\/","title":{"rendered":"1r d&#8217;ESO. Anem de col\u00f2nies!"},"content":{"rendered":"<p>L&#8217;alumnat de 1r d&#8217;ESO ha anat de col\u00f2nies els dies 4 i 5 d&#8217;octubre amb l&#8217;<span style=\"font-weight: 400;\">objectiu de treballar el coneixement i la cohesi\u00f3 dels grups.<\/span><\/p>\n<p>A quin lloc? a la <span style=\"font-weight: 400;\">Casa de col\u00f2nies <a href=\"https:\/\/www.eixestels.com\/ca\/casa-de-colonies-mas-banyeres\/galeria-imatges-cases-de-colonies\/2\" target=\"_blank\" rel=\"noopener\">Mas Banyeres<\/a>, de <a href=\"https:\/\/ca.wikipedia.org\/wiki\/Centelles\" target=\"_blank\" rel=\"noopener\">Centelles<\/a>.\u00a0<\/span><\/p>\n<p>S&#8217;ho han passat d&#8217;all\u00f2 m\u00e9s b\u00e9! Vols veure fotografies de l&#8217;estada? <a href=\"https:\/\/photos.google.com\/share\/AF1QipPPx6NFEuQp0nHLyhHDyYbrBTwQ6EDJMdhVRdZXOnICWjmDkYwiQDmlqz5tOnyIlg?key=ZjB2MnJZQnE2ZFlYOThlTmZrVUtHSjFZOERzd2d3\" target=\"_blank\" rel=\"noopener\">Clica aqu\u00ed.<\/a><\/p>\n<p><a href=\"https:\/\/agora.xtec.cat\/ceiplajota\/wp-content\/uploads\/usu1571\/2023\/10\/Colonies-amb-valors.png\"><img loading=\"lazy\" decoding=\"async\" class=\"aligncenter size-full wp-image-5774\" src=\"https:\/\/agora.xtec.cat\/ceiplajota\/wp-content\/uploads\/usu1571\/2023\/10\/Colonies-amb-valors.png\" alt=\"\" width=\"254\" height=\"137\" \/><\/a><\/p>\n<p>&nbsp;<\/p>\n","protected":false},"excerpt":{"rendered":"<p>L&#8217;alumnat de 1r d&#8217;ESO ha anat de col\u00f2nies els dies 4 i 5 d&#8217;octubre amb l&#8217;objectiu de treballar el coneixement i la cohesi\u00f3 dels grups.<br \/>\nA quin lloc? a la Casa de col\u00f2nies <a href=\"https:\/\/www.eixestels.com\/ca\/casa-de-colonies-mas-banyeres\/galeria-imatges-cases-de-colonies\/2\" target=\"_blank\" rel=\"noopener\">Mas Banyeres<\/a>, de <a href=\"https:\/\/ca.wikipedia.org\/wiki\/Centelles\" target=\"_blank\" rel=\"noopener\">Centelles<\/a>.\u00a0<br \/>\nS&#8217;ho han passat d&#8217;all\u00f2&hellip;  <a href=\"https:\/\/agora.xtec.cat\/ceiplajota\/general\/1r-deso-anem-de-colonies\/\" title=\"Read 1r d&#8217;ESO. Anem de col\u00f2nies!\">Llegeix m\u00e9s\u00bb<\/a><\/p>\n","protected":false},"author":1,"featured_media":5775,"comment_status":"open","ping_status":"closed","sticky":false,"template":"","format":"standard","meta":{"_bbp_topic_count":0,"_bbp_reply_count":0,"_bbp_total_topic_count":0,"_bbp_total_reply_count":0,"_bbp_voice_count":0,"_bbp_anonymous_reply_count":0,"_bbp_topic_count_hidden":0,"_bbp_reply_count_hidden":0,"_bbp_forum_subforum_count":0,"footnotes":""},"categories":[1],"tags":[],"class_list":["post-5773","post","type-post","status-publish","format-standard","has-post-thumbnail","hentry","category-general"],"post_mailing_queue_ids":[],"_links":{"self":[{"href":"https:\/\/agora.xtec.cat\/ceiplajota\/wp-json\/wp\/v2\/posts\/5773","targetHints":{"allow":["GET"]}}],"collection":[{"href":"https:\/\/agora.xtec.cat\/ceiplajota\/wp-json\/wp\/v2\/posts"}],"about":[{"href":"https:\/\/agora.xtec.cat\/ceiplajota\/wp-json\/wp\/v2\/types\/post"}],"author":[{"embeddable":true,"href":"https:\/\/agora.xtec.cat\/ceiplajota\/wp-json\/wp\/v2\/users\/1"}],"replies":[{"embeddable":true,"href":"https:\/\/agora.xtec.cat\/ceiplajota\/wp-json\/wp\/v2\/comments?post=5773"}],"version-history":[{"count":2,"href":"https:\/\/agora.xtec.cat\/ceiplajota\/wp-json\/wp\/v2\/posts\/5773\/revisions"}],"predecessor-version":[{"id":5777,"href":"https:\/\/agora.xtec.cat\/ceiplajota\/wp-json\/wp\/v2\/posts\/5773\/revisions\/5777"}],"wp:featuredmedia":[{"embeddable":true,"href":"https:\/\/agora.xtec.cat\/ceiplajota\/wp-json\/wp\/v2\/media\/5775"}],"wp:attachment":[{"href":"https:\/\/agora.xtec.cat\/ceiplajota\/wp-json\/wp\/v2\/media?parent=5773"}],"wp:term":[{"taxonomy":"category","embeddable":true,"href":"https:\/\/agora.xtec.cat\/ceiplajota\/wp-json\/wp\/v2\/categories?post=5773"},{"taxonomy":"post_tag","embeddable":true,"href":"https:\/\/agora.xtec.cat\/ceiplajota\/wp-json\/wp\/v2\/tags?post=5773"}],"curies":[{"name":"wp","href":"https:\/\/api.w.org\/{rel}","templated":true}]}}