{"id":5667,"date":"2023-06-22T15:25:19","date_gmt":"2023-06-22T13:25:19","guid":{"rendered":"https:\/\/agora.xtec.cat\/ceiplajota\/?p=5667"},"modified":"2023-06-22T10:26:26","modified_gmt":"2023-06-22T08:26:26","slug":"els-nens-i-nenes-de-les-classes-dinfantil","status":"publish","type":"post","link":"https:\/\/agora.xtec.cat\/ceiplajota\/general\/els-nens-i-nenes-de-les-classes-dinfantil\/","title":{"rendered":"Els nens i nenes de les classes d&#8217;Infantil&#8230;"},"content":{"rendered":"<p><a id=\"set-post-thumbnail\" class=\"thickbox\" href=\"https:\/\/agora.xtec.cat\/ceiplajota\/wp-admin\/media-upload.php?post_id=5667&amp;type=image&amp;TB_iframe=1\" aria-describedby=\"set-post-thumbnail-desc\"><img loading=\"lazy\" decoding=\"async\" class=\"attachment-266x266 \" src=\"https:\/\/agora.xtec.cat\/ceiplajota\/wp-content\/uploads\/usu1571\/2023\/06\/vacances.jpg\" alt=\"\" width=\"431\" height=\"288\" \/><\/a><\/p>\n<p>Hola fam\u00edlia!<\/p>\n<p>Com ja sabeu, avui \u00e9s l&#8217;\u00faltim dia de curs dels nens i les nenes de l&#8217;escola La Jota.<\/p>\n<p>Els nens i les nenes d&#8217;infantil us volem desitjar molt bones vacances.<\/p>\n<p>Aprofiteu al m\u00e0xim, el temps passa volant!, \u00e9s un bon moment per gaudir de la natura, de la fam\u00edlia i dels amics.<\/p>\n<p><a href=\"https:\/\/photos.app.goo.gl\/bewiWmFDDFbBAnp3A\">FOTOS DELS GRUPS<\/a><\/p>\n<p>&nbsp;<\/p>\n","protected":false},"excerpt":{"rendered":"<p><a id=\"set-post-thumbnail\" class=\"thickbox\" href=\"https:\/\/agora.xtec.cat\/ceiplajota\/wp-admin\/media-upload.php?post_id=5667&amp;type=image&amp;TB_iframe=1\" aria-describedby=\"set-post-thumbnail-desc\"><\/a><br \/>\nHola fam\u00edlia!<br \/>\nCom ja sabeu, avui \u00e9s l&#8217;\u00faltim dia de curs dels nens i les nenes de l&#8217;escola La Jota.<br \/>\nEls nens i les nenes d&#8217;infantil us volem desitjar molt bones vacances.<br \/>\nAprofiteu al m\u00e0xim, el temps passa volant!, \u00e9s un bon moment per&hellip;  <a href=\"https:\/\/agora.xtec.cat\/ceiplajota\/general\/els-nens-i-nenes-de-les-classes-dinfantil\/\" title=\"Read Els nens i nenes de les classes d&#8217;Infantil&#8230;\">Llegeix m\u00e9s\u00bb<\/a><\/p>\n","protected":false},"author":34,"featured_media":5668,"comment_status":"closed","ping_status":"closed","sticky":false,"template":"","format":"standard","meta":{"_bbp_topic_count":0,"_bbp_reply_count":0,"_bbp_total_topic_count":0,"_bbp_total_reply_count":0,"_bbp_voice_count":0,"_bbp_anonymous_reply_count":0,"_bbp_topic_count_hidden":0,"_bbp_reply_count_hidden":0,"_bbp_forum_subforum_count":0,"footnotes":""},"categories":[1,2],"tags":[],"class_list":["post-5667","post","type-post","status-publish","format-standard","has-post-thumbnail","hentry","category-general","category-infantil"],"post_mailing_queue_ids":[],"_links":{"self":[{"href":"https:\/\/agora.xtec.cat\/ceiplajota\/wp-json\/wp\/v2\/posts\/5667","targetHints":{"allow":["GET"]}}],"collection":[{"href":"https:\/\/agora.xtec.cat\/ceiplajota\/wp-json\/wp\/v2\/posts"}],"about":[{"href":"https:\/\/agora.xtec.cat\/ceiplajota\/wp-json\/wp\/v2\/types\/post"}],"author":[{"embeddable":true,"href":"https:\/\/agora.xtec.cat\/ceiplajota\/wp-json\/wp\/v2\/users\/34"}],"replies":[{"embeddable":true,"href":"https:\/\/agora.xtec.cat\/ceiplajota\/wp-json\/wp\/v2\/comments?post=5667"}],"version-history":[{"count":4,"href":"https:\/\/agora.xtec.cat\/ceiplajota\/wp-json\/wp\/v2\/posts\/5667\/revisions"}],"predecessor-version":[{"id":5672,"href":"https:\/\/agora.xtec.cat\/ceiplajota\/wp-json\/wp\/v2\/posts\/5667\/revisions\/5672"}],"wp:featuredmedia":[{"embeddable":true,"href":"https:\/\/agora.xtec.cat\/ceiplajota\/wp-json\/wp\/v2\/media\/5668"}],"wp:attachment":[{"href":"https:\/\/agora.xtec.cat\/ceiplajota\/wp-json\/wp\/v2\/media?parent=5667"}],"wp:term":[{"taxonomy":"category","embeddable":true,"href":"https:\/\/agora.xtec.cat\/ceiplajota\/wp-json\/wp\/v2\/categories?post=5667"},{"taxonomy":"post_tag","embeddable":true,"href":"https:\/\/agora.xtec.cat\/ceiplajota\/wp-json\/wp\/v2\/tags?post=5667"}],"curies":[{"name":"wp","href":"https:\/\/api.w.org\/{rel}","templated":true}]}}