{"id":5631,"date":"2023-06-09T09:00:04","date_gmt":"2023-06-09T07:00:04","guid":{"rendered":"https:\/\/agora.xtec.cat\/ceiplajota\/?p=5631"},"modified":"2023-06-10T17:16:50","modified_gmt":"2023-06-10T15:16:50","slug":"jornada-de-jocs-avac-2","status":"publish","type":"post","link":"https:\/\/agora.xtec.cat\/ceiplajota\/general\/jornada-de-jocs-avac-2\/","title":{"rendered":"JORNADA DE JOCS AVAC"},"content":{"rendered":"<p>Avui divendres dia 9 de juny hem gaudit amb les <strong><span style=\"color: #ff0000;\">JORNADES DE JOCS AVAC 2023<\/span><\/strong>.<a href=\"https:\/\/agora.xtec.cat\/ceiplajota\/wp-content\/uploads\/usu1571\/2023\/06\/Que-es-AVAC.png\"><img loading=\"lazy\" decoding=\"async\" class=\"aligncenter size-full wp-image-5638\" src=\"https:\/\/agora.xtec.cat\/ceiplajota\/wp-content\/uploads\/usu1571\/2023\/06\/Que-es-AVAC.png\" alt=\"\" width=\"377\" height=\"607\" srcset=\"https:\/\/agora.xtec.cat\/ceiplajota\/wp-content\/uploads\/usu1571\/2023\/06\/Que-es-AVAC.png 377w, https:\/\/agora.xtec.cat\/ceiplajota\/wp-content\/uploads\/usu1571\/2023\/06\/Que-es-AVAC-186x300.png 186w\" sizes=\"auto, (max-width: 377px) 100vw, 377px\" \/><\/a><\/p>\n<p>Des del curs 2005-2006\u00a0 (excepte el curs covid) fem a l&#8217;Escola La Jota aquesta meravellosa jornada amb infants, fam\u00edlies i personal de l&#8217;escola. Ens ho passem d&#8217;all\u00f2 m\u00e9s b\u00e9, grans i petits!!!<\/p>\n<p>La Jornada de Jocs AVAC implica una reuni\u00f3 de fam\u00edlies i mestres per informar a les fam\u00edlies novelles, per organitzar i distribuir els jocs.<\/p>\n<p>Al llarg de v\u00e0ries setmanes,\u00a0 les fam\u00edlies es van apuntant als diferents jocs.<\/p>\n<p>Mentrestant els mestres de la comissi\u00f3 AVAC van organitzant tots els detalls, el material, l&#8217;esmorzar, els horaris, &#8230; Tot preparat pel dia de jocs. Tot preparat per passar un bon dia tot@s junt@s.<\/p>\n<p>Aquest divendres hem tingut un moment de record per la nostra \u00e0via Maria que ha participat en totes les Jornades de Joc AVAC i que recentment ens ha deixa&#8217;t.<\/p>\n<p>Aquest divendres \u00e9s tamb\u00e9 molt especial, \u00e9s la darrera Jornada de Jocs AVAC com escola, el proper curs la farem com Institut Escola.<\/p>\n<p>Si voleu veure les fotografies que ha fet l&#8217;Agust\u00ed, l&#8217;avi de l&#8217;Eli\u00e1n de P4 i l&#8217;equip de mestres de l&#8217;escola <a href=\"https:\/\/photos.app.goo.gl\/dPDYDwL7N8Fw9exx8\" target=\"_blank\" rel=\"noopener\">cliqueu aqu\u00ed.<\/a><\/p>\n<p>Aquest curs 2022-23 la participaci\u00f3 de fam\u00edlies ha esta un \u00e8xit, <strong><span style=\"color: #ff0000;\">89 persones !!!!<\/span><\/strong><\/p>\n<p>&nbsp;<\/p>\n<p><a href=\"https:\/\/agora.xtec.cat\/ceiplajota\/wp-content\/uploads\/usu1571\/2023\/06\/AVAC-23-petit.png\"><img loading=\"lazy\" decoding=\"async\" class=\"aligncenter size-full wp-image-5632\" src=\"https:\/\/agora.xtec.cat\/ceiplajota\/wp-content\/uploads\/usu1571\/2023\/06\/AVAC-23-petit.png\" alt=\"\" width=\"458\" height=\"398\" srcset=\"https:\/\/agora.xtec.cat\/ceiplajota\/wp-content\/uploads\/usu1571\/2023\/06\/AVAC-23-petit.png 458w, https:\/\/agora.xtec.cat\/ceiplajota\/wp-content\/uploads\/usu1571\/2023\/06\/AVAC-23-petit-300x261.png 300w\" sizes=\"auto, (max-width: 458px) 100vw, 458px\" \/><\/a><\/p>\n<p><a href=\"https:\/\/agora.xtec.cat\/ceiplajota\/wp-content\/uploads\/usu1571\/2023\/06\/banner_top_edu21.jpg\"><img loading=\"lazy\" decoding=\"async\" class=\"aligncenter size-full wp-image-5639\" src=\"https:\/\/agora.xtec.cat\/ceiplajota\/wp-content\/uploads\/usu1571\/2023\/06\/banner_top_edu21.jpg\" alt=\"\" width=\"599\" height=\"104\" srcset=\"https:\/\/agora.xtec.cat\/ceiplajota\/wp-content\/uploads\/usu1571\/2023\/06\/banner_top_edu21.jpg 599w, https:\/\/agora.xtec.cat\/ceiplajota\/wp-content\/uploads\/usu1571\/2023\/06\/banner_top_edu21-300x52.jpg 300w\" sizes=\"auto, (max-width: 599px) 100vw, 599px\" \/><\/a><\/p>\n","protected":false},"excerpt":{"rendered":"<p>Avui divendres dia 9 de juny hem gaudit amb les JORNADES DE JOCS AVAC 2023.<a href=\"https:\/\/agora.xtec.cat\/ceiplajota\/wp-content\/uploads\/usu1571\/2023\/06\/Que-es-AVAC.png\"><\/a><br \/>\nDes del curs 2005-2006\u00a0 (excepte el curs covid) fem a l&#8217;Escola La Jota aquesta meravellosa jornada amb infants, fam\u00edlies i personal de l&#8217;escola. Ens ho passem d&#8217;all\u00f2 m\u00e9s b\u00e9, grans&hellip;  <a href=\"https:\/\/agora.xtec.cat\/ceiplajota\/general\/jornada-de-jocs-avac-2\/\" title=\"Read JORNADA DE JOCS AVAC\">Llegeix m\u00e9s\u00bb<\/a><\/p>\n","protected":false},"author":1,"featured_media":5642,"comment_status":"open","ping_status":"closed","sticky":false,"template":"","format":"standard","meta":{"_bbp_topic_count":0,"_bbp_reply_count":0,"_bbp_total_topic_count":0,"_bbp_total_reply_count":0,"_bbp_voice_count":0,"_bbp_anonymous_reply_count":0,"_bbp_topic_count_hidden":0,"_bbp_reply_count_hidden":0,"_bbp_forum_subforum_count":0,"footnotes":""},"categories":[1],"tags":[],"class_list":["post-5631","post","type-post","status-publish","format-standard","has-post-thumbnail","hentry","category-general"],"post_mailing_queue_ids":[],"_links":{"self":[{"href":"https:\/\/agora.xtec.cat\/ceiplajota\/wp-json\/wp\/v2\/posts\/5631","targetHints":{"allow":["GET"]}}],"collection":[{"href":"https:\/\/agora.xtec.cat\/ceiplajota\/wp-json\/wp\/v2\/posts"}],"about":[{"href":"https:\/\/agora.xtec.cat\/ceiplajota\/wp-json\/wp\/v2\/types\/post"}],"author":[{"embeddable":true,"href":"https:\/\/agora.xtec.cat\/ceiplajota\/wp-json\/wp\/v2\/users\/1"}],"replies":[{"embeddable":true,"href":"https:\/\/agora.xtec.cat\/ceiplajota\/wp-json\/wp\/v2\/comments?post=5631"}],"version-history":[{"count":3,"href":"https:\/\/agora.xtec.cat\/ceiplajota\/wp-json\/wp\/v2\/posts\/5631\/revisions"}],"predecessor-version":[{"id":5643,"href":"https:\/\/agora.xtec.cat\/ceiplajota\/wp-json\/wp\/v2\/posts\/5631\/revisions\/5643"}],"wp:featuredmedia":[{"embeddable":true,"href":"https:\/\/agora.xtec.cat\/ceiplajota\/wp-json\/wp\/v2\/media\/5642"}],"wp:attachment":[{"href":"https:\/\/agora.xtec.cat\/ceiplajota\/wp-json\/wp\/v2\/media?parent=5631"}],"wp:term":[{"taxonomy":"category","embeddable":true,"href":"https:\/\/agora.xtec.cat\/ceiplajota\/wp-json\/wp\/v2\/categories?post=5631"},{"taxonomy":"post_tag","embeddable":true,"href":"https:\/\/agora.xtec.cat\/ceiplajota\/wp-json\/wp\/v2\/tags?post=5631"}],"curies":[{"name":"wp","href":"https:\/\/api.w.org\/{rel}","templated":true}]}}