{"id":5611,"date":"2023-06-19T19:50:54","date_gmt":"2023-06-19T17:50:54","guid":{"rendered":"https:\/\/agora.xtec.cat\/ceiplajota\/?p=5611"},"modified":"2023-06-21T13:50:54","modified_gmt":"2023-06-21T11:50:54","slug":"cicle-inicial-tambe-fa-radio","status":"publish","type":"post","link":"https:\/\/agora.xtec.cat\/ceiplajota\/general\/cicle-inicial-tambe-fa-radio\/","title":{"rendered":"CICLE INICIAL TAMB\u00c9 FA R\u00c0DIO: NOVETATS DE JUNY!"},"content":{"rendered":"<p>A aquest article us anirem presentant els programes que vagin enllestint l&#8217;alumnat de cicle inicial (en especial els de 2n, encara que alguns alumnes de 1r ja han fet algun tastet de la r\u00e0dio).<\/p>\n<p>NOVETATS JUNY DE 2023!<\/p>\n<p>2B: JACOB NAYRA I EDMON: ELS 3 PORQUETS VERSI\u00d3 ESBOJARRADA<\/p>\n<p><iframe loading=\"lazy\" src=\"https:\/\/www.ivoox.com\/player_ej_110707970_6_1.html?c1=6a3135\" width=\"100%\" height=\"200\" frameborder=\"0\" scrolling=\"no\"><\/iframe><\/p>\n<p>2B: ENZO CLHOE EMMA I EIDEN: GATS GOSSOS I CONILLS<\/p>\n<p><iframe loading=\"lazy\" src=\"https:\/\/www.ivoox.com\/player_ej_110707894_6_1.html?c1=6a3135\" width=\"100%\" height=\"200\" frameborder=\"0\" scrolling=\"no\"><\/iframe><\/p>\n<p>2B: AITANA JAVI MARIA I ANNA: CHISTES DE M\u00c9DICOS<\/p>\n<p><iframe loading=\"lazy\" src=\"https:\/\/www.ivoox.com\/player_ej_110707795_6_1.html?c1=6a3135\" width=\"100%\" height=\"200\" frameborder=\"0\" scrolling=\"no\"><\/iframe><\/p>\n<p>2A: JES\u00daS JANNAT I ANTONIO SANTIAGO: FLOW VIOLENTO<\/p>\n<p><iframe loading=\"lazy\" src=\"https:\/\/www.ivoox.com\/player_ej_110707795_6_1.html?c1=6a3135\" width=\"100%\" height=\"200\" frameborder=\"0\" scrolling=\"no\"><\/iframe><\/p>\n<p>2A: H\u00c9TOR I J\u00daLIA: RECORDS A LA LINA I LA CANTATA DE LA CLIKA<\/p>\n<p><iframe loading=\"lazy\" src=\"https:\/\/www.ivoox.com\/player_ej_110707619_6_1.html?c1=6a3135\" width=\"100%\" height=\"200\" frameborder=\"0\" scrolling=\"no\"><\/iframe><\/p>\n<p>2A: FRAN NATALIA V\u00cdCTOR I ANTONIO S.: ENTREVISTEM A FRAN PER SABER M\u00c9S D&#8217;ARGENTINA<\/p>\n<p><iframe loading=\"lazy\" src=\"https:\/\/www.ivoox.com\/player_ej_110707510_6_1.html?c1=6a3135\" width=\"100%\" height=\"200\" frameborder=\"0\" scrolling=\"no\"><\/iframe><\/p>\n<p>2A: EMMA LEIRE NEITHAN I ALMA: LILO I STICH<\/p>\n<p><iframe loading=\"lazy\" src=\"https:\/\/www.ivoox.com\/player_ej_110707399_6_1.html?c1=6a3135\" width=\"100%\" height=\"200\" frameborder=\"0\" scrolling=\"no\"><\/iframe><\/p>\n<p>2B: MART\u00cd \u00c8RIC LAURA I \u00cdRIA: VOLCANS, CAVERN\u00cdCOLES I PTEROD\u00c0CTILS<\/p>\n<p><iframe loading=\"lazy\" src=\"https:\/\/www.ivoox.com\/player_ej_109993093_6_1.html?c1=6a3135\" width=\"100%\" height=\"200\" frameborder=\"0\" scrolling=\"no\"><\/iframe><\/p>\n<p>2A: AXEL MARGOT I JOSE: SOMBRA PAR\u00cdS<\/p>\n<p><iframe loading=\"lazy\" src=\"https:\/\/www.ivoox.com\/player_ej_109992929_6_1.html?c1=6a3135\" width=\"100%\" height=\"200\" frameborder=\"0\" scrolling=\"no\"><\/iframe><\/p>\n<p>2A: ARAN ARES M\u00c1RIAM I ELSA: M\u00daSICA DIVERTIDA<\/p>\n<p><iframe loading=\"lazy\" src=\"https:\/\/www.ivoox.com\/player_ej_110707113_6_1.html?c1=6a3135\" width=\"100%\" height=\"200\" frameborder=\"0\" scrolling=\"no\"><\/iframe><\/p>\n<p>2B: KARAM, ALAN, J\u00daLIA I \u00daRIK: ANIMALS PERILLOSOS DE L&#8217;AIGUA:<\/p>\n<p><iframe loading=\"lazy\" src=\"https:\/\/www.ivoox.com\/player_ej_109729475_6_1.html?c1=c07a31\" width=\"100%\" height=\"200\" frameborder=\"0\" scrolling=\"no\"><\/iframe><\/p>\n<p>1B: UN GRUP DE 3r ENTREVISTA A SANDRA, ALUMNA DE 1r I PREGUNTA COM HA ESTAT EL PAS D&#8217;INFANTIL A PRIM\u00c0RIA<br \/>\n<iframe loading=\"lazy\" src=\"https:\/\/www.ivoox.com\/player_ej_106798773_6_1.html?c1=c07a31\" width=\"100%\" height=\"200\" frameborder=\"0\" scrolling=\"no\"><\/iframe><\/p>\n<p>1A: ENTREVISTEM A L&#8217;ELIAN, DE 1rA.\u00a0 QU\u00c8 ENS PEXPLICAR\u00c0 SOBRE LA SEVA VIV\u00c8NCIA DE L&#8217;ESCOLA?<\/p>\n<p><iframe loading=\"lazy\" src=\"https:\/\/www.ivoox.com\/player_ej_109730436_6_1.html?c1=c07a31\" width=\"100%\" height=\"200\" frameborder=\"0\" scrolling=\"no\"><\/iframe><\/p>\n<p>&nbsp;<\/p>\n","protected":false},"excerpt":{"rendered":"<p>A aquest article us anirem presentant els programes que vagin enllestint l&#8217;alumnat de cicle inicial (en especial els de 2n, encara que alguns alumnes de 1r ja han fet algun tastet de la r\u00e0dio).<br \/>\nNOVETATS JUNY DE 2023!<br \/>\n2B: JACOB NAYRA I EDMON: ELS 3 PORQUETS VERSI\u00d3&hellip;  <a href=\"https:\/\/agora.xtec.cat\/ceiplajota\/general\/cicle-inicial-tambe-fa-radio\/\" title=\"Read CICLE INICIAL TAMB\u00c9 FA R\u00c0DIO: NOVETATS DE JUNY!\">Llegeix m\u00e9s\u00bb<\/a><\/p>\n","protected":false},"author":12,"featured_media":5612,"comment_status":"open","ping_status":"closed","sticky":false,"template":"","format":"standard","meta":{"_bbp_topic_count":0,"_bbp_reply_count":0,"_bbp_total_topic_count":0,"_bbp_total_reply_count":0,"_bbp_voice_count":0,"_bbp_anonymous_reply_count":0,"_bbp_topic_count_hidden":0,"_bbp_reply_count_hidden":0,"_bbp_forum_subforum_count":0,"footnotes":""},"categories":[10,11,1],"tags":[],"class_list":["post-5611","post","type-post","status-publish","format-standard","has-post-thumbnail","hentry","category-1r","category-2n","category-general"],"post_mailing_queue_ids":[],"_links":{"self":[{"href":"https:\/\/agora.xtec.cat\/ceiplajota\/wp-json\/wp\/v2\/posts\/5611","targetHints":{"allow":["GET"]}}],"collection":[{"href":"https:\/\/agora.xtec.cat\/ceiplajota\/wp-json\/wp\/v2\/posts"}],"about":[{"href":"https:\/\/agora.xtec.cat\/ceiplajota\/wp-json\/wp\/v2\/types\/post"}],"author":[{"embeddable":true,"href":"https:\/\/agora.xtec.cat\/ceiplajota\/wp-json\/wp\/v2\/users\/12"}],"replies":[{"embeddable":true,"href":"https:\/\/agora.xtec.cat\/ceiplajota\/wp-json\/wp\/v2\/comments?post=5611"}],"version-history":[{"count":3,"href":"https:\/\/agora.xtec.cat\/ceiplajota\/wp-json\/wp\/v2\/posts\/5611\/revisions"}],"predecessor-version":[{"id":5665,"href":"https:\/\/agora.xtec.cat\/ceiplajota\/wp-json\/wp\/v2\/posts\/5611\/revisions\/5665"}],"wp:featuredmedia":[{"embeddable":true,"href":"https:\/\/agora.xtec.cat\/ceiplajota\/wp-json\/wp\/v2\/media\/5612"}],"wp:attachment":[{"href":"https:\/\/agora.xtec.cat\/ceiplajota\/wp-json\/wp\/v2\/media?parent=5611"}],"wp:term":[{"taxonomy":"category","embeddable":true,"href":"https:\/\/agora.xtec.cat\/ceiplajota\/wp-json\/wp\/v2\/categories?post=5611"},{"taxonomy":"post_tag","embeddable":true,"href":"https:\/\/agora.xtec.cat\/ceiplajota\/wp-json\/wp\/v2\/tags?post=5611"}],"curies":[{"name":"wp","href":"https:\/\/api.w.org\/{rel}","templated":true}]}}