{"id":5588,"date":"2023-05-19T09:13:13","date_gmt":"2023-05-19T07:13:13","guid":{"rendered":"https:\/\/agora.xtec.cat\/ceiplajota\/?p=5588"},"modified":"2023-05-26T00:26:11","modified_gmt":"2023-05-25T22:26:11","slug":"cantania-2023","status":"publish","type":"post","link":"https:\/\/agora.xtec.cat\/ceiplajota\/general\/cantania-2023\/","title":{"rendered":"CANT\u00c0NIA 2023"},"content":{"rendered":"<h1>CANT\u00c0NIA 2023: LES PORTES DEL M\u00d3N<\/h1>\n<p>El dijous 18 de maig l&#8217;alumnat de 5\u00e8 ha anat a Sant Cugat per participar a la Cant\u00e0nia. Un curs m\u00e9s, les fam\u00edlies i els mestres hem gaudit de l&#8217;espect\u00e0cle que al llarg del curs es prepara a m\u00fasica, pl\u00e0stica, tutoria. Els nens i les nenes ho han fet molt b\u00e9!!!<\/p>\n<h2>SINOPSI<\/h2>\n<p>La Sara \u00e9s una nena cega de set anys que viu amb el seu pare en un petit apartament situat a la primera planta d\u2019un gran bloc de pisos, a les afores d\u2019una gran ciutat. El somni de la Sara \u00e9s fer la volta al m\u00f3n, com el seu heroi, Phileas Fogg, el protagonista de\u00a0<em>La volta al m\u00f3n en 80 dies<\/em>, de Jules Verne, el llibre que el seu pare, el Daniel, li llegeix cada nit.<\/p>\n<p>Un dia, la Sara li demana al seu pare que organitzi un gran viatge. Ell li diu que no \u00e9s possible, per\u00f2 ella li respon que hi ha moltes formes de viatjar, i que segur que acabar\u00e0 trobant alguna manera. Les vacances d\u2019estiu s\u2019apropen, i el Daniel se sent molt trist per no poder emportar-se la seva filla de viatge. Per\u00f2 una nit, parlant amb l\u2019\u00e0via de la Sara, se\u2019ls acudeix un pla per a que la nena pugui fer la volta al m\u00f3n sense sortir de l\u2019edifici.<\/p>\n<p>El Daniel li dir\u00e0 a la Sara que se\u2019n van de viatge. Faran els preparatius i sortiran de casa carregats de maletes. Per\u00f2 el que faran \u00e9s agafar un tren de rodalies i, despr\u00e9s d\u2019un breu recorregut, tornar al mateix edifici on viuen i dirigir-se a l\u2019apartament d\u2019una fam\u00edlia d\u2019origen indi, que els rebr\u00e0 tot fingint que es troben en el seu pa\u00eds d\u2019origen. All\u00e0, la Sara jugar\u00e0 amb els nens de la casa, que li explicaran tota mena d\u2019hist\u00f2ries meravelloses d\u2019un lloc en el qual no han estat mai, per\u00f2 sobre el qual els agrada fantasiejar. I a la nit, la mare els explicar\u00e0, com sempre, un conte ambientat a la seva cultura.<\/p>\n<p>Aquest esquema es repetir\u00e0 en diverses ocasions. Gr\u00e0cies a la col\u00b7laboraci\u00f3 d\u2019altres ve\u00efns, la Sara tamb\u00e9 visitar\u00e0 molts altres pa\u00efsos del m\u00f3n\u2026 i, en un \u00faltim gir fant\u00e0stic, somiar\u00e0 que arriba a la lluna, on parlar\u00e0 amb els selenites, que, segons una vella tradici\u00f3, guarden les coses que es perden a la Terra.<\/p>\n<p>Cadascuna de les fam\u00edlies que la Sara coneixer\u00e0 haur\u00e0 de fingir que viu en el seu pa\u00eds d\u2019origen, la qual cosa l\u2019obligar\u00e0 tamb\u00e9 a viatjar imagin\u00e0riament. Quan el viatge s\u2019acabi, i la Sara torni a casa, es produir\u00e0 un \u00faltim di\u00e0leg amb el seu pare, en el qual no quedar\u00e0 clar si la Sara s\u2019ha cregut que ha viatjat realment a tots aquells pa\u00efsos, o nom\u00e9s ha fingit que s\u2019ho creia.<\/p>\n<p>&nbsp;<\/p>\n<p>Ho vols escoltar? <a href=\"https:\/\/soundcloud.com\/lauditori\/12-les-portes-del-mo-n-48000?utm_source=www.auditori.cat&amp;utm_campaign=wtshare&amp;utm_medium=widget&amp;utm_content=https%253A%252F%252Fsoundcloud.com%252Flauditori%252F12-les-portes-del-mo-n-48000\" target=\"_blank\" rel=\"noopener\">Clica<\/a><\/p>\n<p><strong>Composici\u00f3<\/strong><br \/>\n<a href=\"https:\/\/www.auditori.cat\/artist\/raquel-garcia-tomas\/\">Raquel Garc\u00eda-Tom\u00e1s<\/a><\/p>\n<p><strong>Text<\/strong><br \/>\n<a href=\"https:\/\/www.auditori.cat\/artist\/bernat-castany\/\">Bernat Castany Prado<\/a><\/p>\n<p><strong>Direcci\u00f3 musical<br \/>\n<\/strong><a href=\"https:\/\/www.auditori.cat\/artist\/elisenda-carrasco\/\">Elisenda Carrasco<\/a>,\u00a0<a href=\"https:\/\/www.auditori.cat\/artist\/oriol-castanyer\/\">Oriol Castanyer<\/a>,\u00a0<a href=\"https:\/\/www.auditori.cat\/artist\/eva-martinez\/\">Eva Mart\u00ednez<\/a><\/p>\n<p><strong>Direcci\u00f3 esc\u00e8nica<br \/>\n<\/strong><a href=\"https:\/\/www.auditori.cat\/artist\/adria-aubert\/\">Adri\u00e0 Aubert<\/a>,\u00a0<a href=\"https:\/\/www.auditori.cat\/artist\/marta-gil\/\">Marta Gil<\/a>,\u00a0<a href=\"https:\/\/www.auditori.cat\/artist\/cristina-marti\/\">Cristina Mart\u00ed<\/a><\/p>\n<p><strong>Coordinaci\u00f3 musical<br \/>\n<\/strong>Josep Prats<\/p>\n<p><strong>Int\u00e8rprets enregistrament:<\/strong>\u00a0veus solistes:\u00a0<strong>Alba Fern\u00e1ndez<\/strong>\u00a0i\u00a0<strong>Germ\u00e1n de la Riva<\/strong>\u00a0| piano:\u00a0<strong>Joan Ramon Company<\/strong>\u00a0| flauta:\u00a0<strong>Oph\u00e9lie Derieux<\/strong>\u00a0| saxo alt:\u00a0<strong>Tere G\u00f3mez<\/strong>\u00a0| viol\u00ed:\u00a0<strong>Paula Sanz<\/strong>\u00a0| viola:\u00a0<strong>Gemma Pujol<\/strong>\u00a0| violoncel:\u00a0<strong>Irma Bau<\/strong>\u00a0| contrabaix:\u00a0<strong>Mario Lisarde<\/strong>\u00a0| percussi\u00f3:\u00a0<strong>Ferran Carceller<\/strong><\/p>\n<p>Si en voleu veure unes quantes fotografies, <a href=\"https:\/\/photos.app.goo.gl\/ffTiWGwSugqyqT7u6\" target=\"_blank\" rel=\"noopener\">cliqueu aqu\u00ed<\/a>.<\/p>\n","protected":false},"excerpt":{"rendered":"<p>CANT\u00c0NIA 2023: LES PORTES DEL M\u00d3N<br \/>\nEl dijous 18 de maig l&#8217;alumnat de 5\u00e8 ha anat a Sant Cugat per participar a la Cant\u00e0nia. Un curs m\u00e9s, les fam\u00edlies i els mestres hem gaudit de l&#8217;espect\u00e0cle que al llarg del curs es prepara a m\u00fasica, pl\u00e0stica,&hellip;  <a href=\"https:\/\/agora.xtec.cat\/ceiplajota\/general\/cantania-2023\/\" title=\"Read CANT\u00c0NIA 2023\">Llegeix m\u00e9s\u00bb<\/a><\/p>\n","protected":false},"author":1,"featured_media":5589,"comment_status":"open","ping_status":"closed","sticky":false,"template":"","format":"standard","meta":{"_bbp_topic_count":0,"_bbp_reply_count":0,"_bbp_total_topic_count":0,"_bbp_total_reply_count":0,"_bbp_voice_count":0,"_bbp_anonymous_reply_count":0,"_bbp_topic_count_hidden":0,"_bbp_reply_count_hidden":0,"_bbp_forum_subforum_count":0,"footnotes":""},"categories":[1],"tags":[],"class_list":["post-5588","post","type-post","status-publish","format-standard","has-post-thumbnail","hentry","category-general"],"post_mailing_queue_ids":[],"_links":{"self":[{"href":"https:\/\/agora.xtec.cat\/ceiplajota\/wp-json\/wp\/v2\/posts\/5588","targetHints":{"allow":["GET"]}}],"collection":[{"href":"https:\/\/agora.xtec.cat\/ceiplajota\/wp-json\/wp\/v2\/posts"}],"about":[{"href":"https:\/\/agora.xtec.cat\/ceiplajota\/wp-json\/wp\/v2\/types\/post"}],"author":[{"embeddable":true,"href":"https:\/\/agora.xtec.cat\/ceiplajota\/wp-json\/wp\/v2\/users\/1"}],"replies":[{"embeddable":true,"href":"https:\/\/agora.xtec.cat\/ceiplajota\/wp-json\/wp\/v2\/comments?post=5588"}],"version-history":[{"count":1,"href":"https:\/\/agora.xtec.cat\/ceiplajota\/wp-json\/wp\/v2\/posts\/5588\/revisions"}],"predecessor-version":[{"id":5590,"href":"https:\/\/agora.xtec.cat\/ceiplajota\/wp-json\/wp\/v2\/posts\/5588\/revisions\/5590"}],"wp:featuredmedia":[{"embeddable":true,"href":"https:\/\/agora.xtec.cat\/ceiplajota\/wp-json\/wp\/v2\/media\/5589"}],"wp:attachment":[{"href":"https:\/\/agora.xtec.cat\/ceiplajota\/wp-json\/wp\/v2\/media?parent=5588"}],"wp:term":[{"taxonomy":"category","embeddable":true,"href":"https:\/\/agora.xtec.cat\/ceiplajota\/wp-json\/wp\/v2\/categories?post=5588"},{"taxonomy":"post_tag","embeddable":true,"href":"https:\/\/agora.xtec.cat\/ceiplajota\/wp-json\/wp\/v2\/tags?post=5588"}],"curies":[{"name":"wp","href":"https:\/\/api.w.org\/{rel}","templated":true}]}}