{"id":5561,"date":"2023-05-24T09:00:49","date_gmt":"2023-05-24T07:00:49","guid":{"rendered":"https:\/\/agora.xtec.cat\/ceiplajota\/?p=5561"},"modified":"2023-05-24T13:17:19","modified_gmt":"2023-05-24T11:17:19","slug":"colonies-de-primaria","status":"publish","type":"post","link":"https:\/\/agora.xtec.cat\/ceiplajota\/general\/colonies-de-primaria\/","title":{"rendered":"COL\u00d2NIES DE PRIM\u00c0RIA"},"content":{"rendered":"<p>Dimecres 24, dijous 25 i divendres 26 de maig l&#8217;alumnat i l&#8217;equip docent de Cicle Inicial, Cicle Mitj\u00e0 i Cicle Superior han anat de col\u00f2nies a <a href=\"http:\/\/www.canbajona.com\/es\/\" target=\"_blank\" rel=\"noopener\">CAN BAJONA<\/a>.<\/p>\n<p>Al llarg d&#8217;aquests tres dies han fet moltes activitats, totes molt divertides i engrescadores.<\/p>\n<p>Si vols veure fotografies, clica a sobre de cada imatge segons el cicle:<\/p>\n<ul>\n<li><strong>Cicle Inicial: 1r i 2n curs de prim\u00e0ria<\/strong><\/li>\n<\/ul>\n<p><a href=\"https:\/\/photos.app.goo.gl\/vT1YLzkynXqzCBiN8\"><img loading=\"lazy\" decoding=\"async\" class=\"alignleft wp-image-5565\" src=\"https:\/\/agora.xtec.cat\/ceiplajota\/wp-content\/uploads\/usu1571\/2023\/05\/sac-de-dormir-CS.png\" alt=\"\" width=\"319\" height=\"160\" srcset=\"https:\/\/agora.xtec.cat\/ceiplajota\/wp-content\/uploads\/usu1571\/2023\/05\/sac-de-dormir-CS.png 683w, https:\/\/agora.xtec.cat\/ceiplajota\/wp-content\/uploads\/usu1571\/2023\/05\/sac-de-dormir-CS-300x150.png 300w\" sizes=\"auto, (max-width: 319px) 100vw, 319px\" \/><\/a><\/p>\n<p>&nbsp;<\/p>\n<p>&nbsp;<\/p>\n<p>&nbsp;<\/p>\n<p>&nbsp;<\/p>\n<p>&nbsp;<\/p>\n<ul>\n<li><strong>Cicle Mitj\u00e0: 3r i 4t curs de prim\u00e0ria<\/strong><\/li>\n<\/ul>\n<p><a href=\"https:\/\/photos.app.goo.gl\/Y6sZ9Wrszc1ffayaA\"><img loading=\"lazy\" decoding=\"async\" class=\"alignleft wp-image-5566\" src=\"https:\/\/agora.xtec.cat\/ceiplajota\/wp-content\/uploads\/usu1571\/2023\/05\/Cor-de-mans.png\" alt=\"\" width=\"209\" height=\"196\" srcset=\"https:\/\/agora.xtec.cat\/ceiplajota\/wp-content\/uploads\/usu1571\/2023\/05\/Cor-de-mans.png 334w, https:\/\/agora.xtec.cat\/ceiplajota\/wp-content\/uploads\/usu1571\/2023\/05\/Cor-de-mans-300x282.png 300w\" sizes=\"auto, (max-width: 209px) 100vw, 209px\" \/><\/a><\/p>\n<p>&nbsp;<\/p>\n<p>&nbsp;<\/p>\n<p>&nbsp;<\/p>\n<p>&nbsp;<\/p>\n<p>&nbsp;<\/p>\n<p>&nbsp;<\/p>\n<ul>\n<li><strong>Cicle Superior: 5\u00e8 i 6\u00e8 curs de prim\u00e0ria<\/strong><\/li>\n<\/ul>\n<p><a href=\"https:\/\/photos.app.goo.gl\/vDeySDLbyqGdCKrFA\"><img loading=\"lazy\" decoding=\"async\" class=\"alignleft wp-image-5567\" src=\"https:\/\/agora.xtec.cat\/ceiplajota\/wp-content\/uploads\/usu1571\/2023\/05\/Colonies.png\" alt=\"\" width=\"301\" height=\"177\" srcset=\"https:\/\/agora.xtec.cat\/ceiplajota\/wp-content\/uploads\/usu1571\/2023\/05\/Colonies.png 731w, https:\/\/agora.xtec.cat\/ceiplajota\/wp-content\/uploads\/usu1571\/2023\/05\/Colonies-300x176.png 300w\" sizes=\"auto, (max-width: 301px) 100vw, 301px\" \/><\/a><\/p>\n","protected":false},"excerpt":{"rendered":"<p>Dimecres 24, dijous 25 i divendres 26 de maig l&#8217;alumnat i l&#8217;equip docent de Cicle Inicial, Cicle Mitj\u00e0 i Cicle Superior han anat de col\u00f2nies a <a href=\"http:\/\/www.canbajona.com\/es\/\" target=\"_blank\" rel=\"noopener\">CAN BAJONA<\/a>.<br \/>\nAl llarg d&#8217;aquests tres dies han fet moltes activitats, totes molt divertides i engrescadores.<br \/>\nSi vols&hellip;  <a href=\"https:\/\/agora.xtec.cat\/ceiplajota\/general\/colonies-de-primaria\/\" title=\"Read COL\u00d2NIES DE PRIM\u00c0RIA\">Llegeix m\u00e9s\u00bb<\/a><\/p>\n","protected":false},"author":1,"featured_media":5562,"comment_status":"open","ping_status":"closed","sticky":false,"template":"","format":"standard","meta":{"_bbp_topic_count":0,"_bbp_reply_count":0,"_bbp_total_topic_count":0,"_bbp_total_reply_count":0,"_bbp_voice_count":0,"_bbp_anonymous_reply_count":0,"_bbp_topic_count_hidden":0,"_bbp_reply_count_hidden":0,"_bbp_forum_subforum_count":0,"footnotes":""},"categories":[1],"tags":[],"class_list":["post-5561","post","type-post","status-publish","format-standard","has-post-thumbnail","hentry","category-general"],"post_mailing_queue_ids":[],"_links":{"self":[{"href":"https:\/\/agora.xtec.cat\/ceiplajota\/wp-json\/wp\/v2\/posts\/5561","targetHints":{"allow":["GET"]}}],"collection":[{"href":"https:\/\/agora.xtec.cat\/ceiplajota\/wp-json\/wp\/v2\/posts"}],"about":[{"href":"https:\/\/agora.xtec.cat\/ceiplajota\/wp-json\/wp\/v2\/types\/post"}],"author":[{"embeddable":true,"href":"https:\/\/agora.xtec.cat\/ceiplajota\/wp-json\/wp\/v2\/users\/1"}],"replies":[{"embeddable":true,"href":"https:\/\/agora.xtec.cat\/ceiplajota\/wp-json\/wp\/v2\/comments?post=5561"}],"version-history":[{"count":4,"href":"https:\/\/agora.xtec.cat\/ceiplajota\/wp-json\/wp\/v2\/posts\/5561\/revisions"}],"predecessor-version":[{"id":5584,"href":"https:\/\/agora.xtec.cat\/ceiplajota\/wp-json\/wp\/v2\/posts\/5561\/revisions\/5584"}],"wp:featuredmedia":[{"embeddable":true,"href":"https:\/\/agora.xtec.cat\/ceiplajota\/wp-json\/wp\/v2\/media\/5562"}],"wp:attachment":[{"href":"https:\/\/agora.xtec.cat\/ceiplajota\/wp-json\/wp\/v2\/media?parent=5561"}],"wp:term":[{"taxonomy":"category","embeddable":true,"href":"https:\/\/agora.xtec.cat\/ceiplajota\/wp-json\/wp\/v2\/categories?post=5561"},{"taxonomy":"post_tag","embeddable":true,"href":"https:\/\/agora.xtec.cat\/ceiplajota\/wp-json\/wp\/v2\/tags?post=5561"}],"curies":[{"name":"wp","href":"https:\/\/api.w.org\/{rel}","templated":true}]}}