{"id":5558,"date":"2023-05-14T23:31:18","date_gmt":"2023-05-14T21:31:18","guid":{"rendered":"https:\/\/agora.xtec.cat\/ceiplajota\/?p=5558"},"modified":"2023-05-14T23:31:18","modified_gmt":"2023-05-14T21:31:18","slug":"cicle-inicial-sortida-per-badia","status":"publish","type":"post","link":"https:\/\/agora.xtec.cat\/ceiplajota\/general\/cicle-inicial-sortida-per-badia\/","title":{"rendered":"Cicle Inicial-Sortida per Badia"},"content":{"rendered":"<p>&nbsp;<\/p>\n<p><a href=\"https:\/\/agora.xtec.cat\/ceiplajota\/wp-content\/uploads\/usu1571\/2023\/05\/Presentacion-Marca-personal-Conferencia-taller-webinar-propuesta-organica-pastel-.jpg\"><img loading=\"lazy\" decoding=\"async\" class=\"alignnone size-large wp-image-5559\" src=\"https:\/\/agora.xtec.cat\/ceiplajota\/wp-content\/uploads\/usu1571\/2023\/05\/Presentacion-Marca-personal-Conferencia-taller-webinar-propuesta-organica-pastel--1024x576.jpg\" alt=\"\" width=\"1024\" height=\"576\" srcset=\"https:\/\/agora.xtec.cat\/ceiplajota\/wp-content\/uploads\/usu1571\/2023\/05\/Presentacion-Marca-personal-Conferencia-taller-webinar-propuesta-organica-pastel--1024x576.jpg 1024w, https:\/\/agora.xtec.cat\/ceiplajota\/wp-content\/uploads\/usu1571\/2023\/05\/Presentacion-Marca-personal-Conferencia-taller-webinar-propuesta-organica-pastel--300x169.jpg 300w, https:\/\/agora.xtec.cat\/ceiplajota\/wp-content\/uploads\/usu1571\/2023\/05\/Presentacion-Marca-personal-Conferencia-taller-webinar-propuesta-organica-pastel--768x432.jpg 768w, https:\/\/agora.xtec.cat\/ceiplajota\/wp-content\/uploads\/usu1571\/2023\/05\/Presentacion-Marca-personal-Conferencia-taller-webinar-propuesta-organica-pastel-.jpg 1440w\" sizes=\"auto, (max-width: 1024px) 100vw, 1024px\" \/><\/a>A Cicle Inicial estem treballant la poblaci\u00f3 de Badia del Vall\u00e8s, estem coneixent els equipaments de la ciutat, infraestructures i serveis que ens ofereix com a ciutadans. Per aquest motiu vam soritr a fer un recorregut per veure de tot el que disposem. Con\u00e8ixer l&#8217;entorn vol dir respectar i cuidar, perqu\u00e8 la ciutat \u00e9s de tots i totes.<\/p>\n<p><a href=\"https:\/\/photos.app.goo.gl\/whBatZFfPpjEdYrA9\">Fotos de la sortida<\/a><\/p>\n","protected":false},"excerpt":{"rendered":"<p>&nbsp;<br \/>\n<a href=\"https:\/\/agora.xtec.cat\/ceiplajota\/wp-content\/uploads\/usu1571\/2023\/05\/Presentacion-Marca-personal-Conferencia-taller-webinar-propuesta-organica-pastel-.jpg\"><\/a>A Cicle Inicial estem treballant la poblaci\u00f3 de Badia del Vall\u00e8s, estem coneixent els equipaments de la ciutat, infraestructures i serveis que ens ofereix com a ciutadans. Per aquest motiu vam soritr a fer un recorregut per veure de tot el que disposem. Con\u00e8ixer&hellip;  <a href=\"https:\/\/agora.xtec.cat\/ceiplajota\/general\/cicle-inicial-sortida-per-badia\/\" title=\"Read Cicle Inicial-Sortida per Badia\">Llegeix m\u00e9s\u00bb<\/a><\/p>\n","protected":false},"author":34,"featured_media":5559,"comment_status":"open","ping_status":"closed","sticky":false,"template":"","format":"standard","meta":{"_bbp_topic_count":0,"_bbp_reply_count":0,"_bbp_total_topic_count":0,"_bbp_total_reply_count":0,"_bbp_voice_count":0,"_bbp_anonymous_reply_count":0,"_bbp_topic_count_hidden":0,"_bbp_reply_count_hidden":0,"_bbp_forum_subforum_count":0,"footnotes":""},"categories":[1],"tags":[],"class_list":["post-5558","post","type-post","status-publish","format-standard","has-post-thumbnail","hentry","category-general"],"post_mailing_queue_ids":[],"_links":{"self":[{"href":"https:\/\/agora.xtec.cat\/ceiplajota\/wp-json\/wp\/v2\/posts\/5558","targetHints":{"allow":["GET"]}}],"collection":[{"href":"https:\/\/agora.xtec.cat\/ceiplajota\/wp-json\/wp\/v2\/posts"}],"about":[{"href":"https:\/\/agora.xtec.cat\/ceiplajota\/wp-json\/wp\/v2\/types\/post"}],"author":[{"embeddable":true,"href":"https:\/\/agora.xtec.cat\/ceiplajota\/wp-json\/wp\/v2\/users\/34"}],"replies":[{"embeddable":true,"href":"https:\/\/agora.xtec.cat\/ceiplajota\/wp-json\/wp\/v2\/comments?post=5558"}],"version-history":[{"count":1,"href":"https:\/\/agora.xtec.cat\/ceiplajota\/wp-json\/wp\/v2\/posts\/5558\/revisions"}],"predecessor-version":[{"id":5560,"href":"https:\/\/agora.xtec.cat\/ceiplajota\/wp-json\/wp\/v2\/posts\/5558\/revisions\/5560"}],"wp:featuredmedia":[{"embeddable":true,"href":"https:\/\/agora.xtec.cat\/ceiplajota\/wp-json\/wp\/v2\/media\/5559"}],"wp:attachment":[{"href":"https:\/\/agora.xtec.cat\/ceiplajota\/wp-json\/wp\/v2\/media?parent=5558"}],"wp:term":[{"taxonomy":"category","embeddable":true,"href":"https:\/\/agora.xtec.cat\/ceiplajota\/wp-json\/wp\/v2\/categories?post=5558"},{"taxonomy":"post_tag","embeddable":true,"href":"https:\/\/agora.xtec.cat\/ceiplajota\/wp-json\/wp\/v2\/tags?post=5558"}],"curies":[{"name":"wp","href":"https:\/\/api.w.org\/{rel}","templated":true}]}}