{"id":5535,"date":"2023-04-26T11:21:38","date_gmt":"2023-04-26T09:21:38","guid":{"rendered":"https:\/\/agora.xtec.cat\/ceiplajota\/?p=5535"},"modified":"2023-04-26T11:21:38","modified_gmt":"2023-04-26T09:21:38","slug":"participem-al-torneig-de-la-fundacio-cruyff","status":"publish","type":"post","link":"https:\/\/agora.xtec.cat\/ceiplajota\/general\/participem-al-torneig-de-la-fundacio-cruyff\/","title":{"rendered":"PARTICIPEM AL TORNEIG DE LA FUNDACI\u00d3 CRUYFF"},"content":{"rendered":"<p align=\"left\"><span style=\"color: #000000;\"><span style=\"font-family: Liberation Serif, serif;\"><span style=\"font-size: medium;\">El passat dijous 20 d\u2019abril va tenir lloc al Cruyff Court de la nostra localitat el Torneig 6vs6 &#8220;SALID Y DISFRUTAD&#8221;, organitzat per la pr\u00f2pia Fundaci\u00f3 Johan Cruyff.<\/span><\/span><\/span><\/p>\n<p align=\"left\"><span style=\"color: #000000; font-family: Liberation Serif, serif; font-size: medium;\">En una tarda apassionant els alumnes de 6\u00e8 de l\u2019escola van participar amb cinc equips que van fer un magn\u00edfic paper, aconseguint el subcampionat en una de les categories.<\/span><\/p>\n<p align=\"left\"><span style=\"color: #000000;\"><span style=\"font-family: Liberation Serif, serif;\"><span style=\"font-size: medium;\">Aquest torneig, organitzat per la Fundaci\u00f3 Cruyff, promou els h\u00e0bits saludables, la pr\u00e0ctica d\u2019activitat f\u00edsica i valors de respecte i treball en equip, es per aix\u00f2 que nosaltres no pod\u00edem faltar.<\/span><\/span><\/span><\/p>\n<p align=\"left\"><span style=\"color: #000000;\"><span style=\"font-family: Liberation Serif, serif;\"><span style=\"font-size: medium;\">A continuaci\u00f3 trobareu algunes <\/span><\/span><\/span><a href=\"https:\/\/photos.app.goo.gl\/cYSZJ1uLvsmNbjs87\"><strong><span style=\"color: #000000;\"><span style=\"font-family: Liberation Serif, serif;\"><span style=\"font-size: x-large;\"><u>FOTOGRAFIES<\/u><\/span><\/span><\/span><\/strong><\/a><span style=\"color: #000000;\"><span style=\"font-family: Liberation Serif, serif;\"><span style=\"font-size: medium;\">.<\/span><\/span><\/span><\/p>\n","protected":false},"excerpt":{"rendered":"<p>El passat dijous 20 d\u2019abril va tenir lloc al Cruyff Court de la nostra localitat el Torneig 6vs6 &#8220;SALID Y DISFRUTAD&#8221;, organitzat per la pr\u00f2pia Fundaci\u00f3 Johan Cruyff.<br \/>\nEn una tarda apassionant els alumnes de 6\u00e8 de l\u2019escola van participar amb cinc equips que van fer&hellip;  <a href=\"https:\/\/agora.xtec.cat\/ceiplajota\/general\/participem-al-torneig-de-la-fundacio-cruyff\/\" title=\"Read PARTICIPEM AL TORNEIG DE LA FUNDACI\u00d3 CRUYFF\">Llegeix m\u00e9s\u00bb<\/a><\/p>\n","protected":false},"author":3,"featured_media":5536,"comment_status":"open","ping_status":"closed","sticky":false,"template":"","format":"standard","meta":{"_bbp_topic_count":0,"_bbp_reply_count":0,"_bbp_total_topic_count":0,"_bbp_total_reply_count":0,"_bbp_voice_count":0,"_bbp_anonymous_reply_count":0,"_bbp_topic_count_hidden":0,"_bbp_reply_count_hidden":0,"_bbp_forum_subforum_count":0,"footnotes":""},"categories":[15,1,5],"tags":[],"class_list":["post-5535","post","type-post","status-publish","format-standard","has-post-thumbnail","hentry","category-6e","category-general","category-primaria"],"post_mailing_queue_ids":[],"_links":{"self":[{"href":"https:\/\/agora.xtec.cat\/ceiplajota\/wp-json\/wp\/v2\/posts\/5535","targetHints":{"allow":["GET"]}}],"collection":[{"href":"https:\/\/agora.xtec.cat\/ceiplajota\/wp-json\/wp\/v2\/posts"}],"about":[{"href":"https:\/\/agora.xtec.cat\/ceiplajota\/wp-json\/wp\/v2\/types\/post"}],"author":[{"embeddable":true,"href":"https:\/\/agora.xtec.cat\/ceiplajota\/wp-json\/wp\/v2\/users\/3"}],"replies":[{"embeddable":true,"href":"https:\/\/agora.xtec.cat\/ceiplajota\/wp-json\/wp\/v2\/comments?post=5535"}],"version-history":[{"count":1,"href":"https:\/\/agora.xtec.cat\/ceiplajota\/wp-json\/wp\/v2\/posts\/5535\/revisions"}],"predecessor-version":[{"id":5537,"href":"https:\/\/agora.xtec.cat\/ceiplajota\/wp-json\/wp\/v2\/posts\/5535\/revisions\/5537"}],"wp:featuredmedia":[{"embeddable":true,"href":"https:\/\/agora.xtec.cat\/ceiplajota\/wp-json\/wp\/v2\/media\/5536"}],"wp:attachment":[{"href":"https:\/\/agora.xtec.cat\/ceiplajota\/wp-json\/wp\/v2\/media?parent=5535"}],"wp:term":[{"taxonomy":"category","embeddable":true,"href":"https:\/\/agora.xtec.cat\/ceiplajota\/wp-json\/wp\/v2\/categories?post=5535"},{"taxonomy":"post_tag","embeddable":true,"href":"https:\/\/agora.xtec.cat\/ceiplajota\/wp-json\/wp\/v2\/tags?post=5535"}],"curies":[{"name":"wp","href":"https:\/\/api.w.org\/{rel}","templated":true}]}}