{"id":5496,"date":"2023-04-18T13:45:09","date_gmt":"2023-04-18T11:45:09","guid":{"rendered":"https:\/\/agora.xtec.cat\/ceiplajota\/?p=5496"},"modified":"2023-04-18T13:45:09","modified_gmt":"2023-04-18T11:45:09","slug":"alex-roca-a-lescola","status":"publish","type":"post","link":"https:\/\/agora.xtec.cat\/ceiplajota\/general\/alex-roca-a-lescola\/","title":{"rendered":"\u00c0LEX ROCA A L&#8217;ESCOLA"},"content":{"rendered":"<p><span style=\"font-family: Arial, sans-serif;\">EL LIMIT TE\u2019L POSES TU, aquest \u00e9s el t\u00edtol de la xerrada que el passat dimecres vam gaudir els nens i nenes de 6<sup>\u00e8<\/sup> a c\u00e0rrec de l\u2019\u00c0lex Roca i la M. Carme. <\/span><\/p>\n<p><span style=\"font-family: Arial, sans-serif;\">\u00c0lex \u00e9s el primer atleta que amb una discapacitat f\u00edsica del 76% ha estat capa\u00e7 de completar fites tan importants com la Marat\u00f3 de Barcelona o la Titan Desert. <\/span><\/p>\n<p><span style=\"font-family: Arial, sans-serif;\">Durant aquesta estona l\u2019\u00c0lex ens va demostrar que<\/span> <span style=\"color: #222222;\"><span style=\"font-family: Arial, sans-serif;\"><span style=\"font-size: medium;\">patir una discapacitat no ha de ser un impediment<\/span><\/span><\/span> <span style=\"font-family: Arial, sans-serif;\"><span style=\"font-size: medium;\">per la vida i que amb esfor\u00e7 i superaci\u00f3 tot \u00e9s possible. Tamb\u00e9 ens va parlar d\u2019aspectes <\/span><\/span><span style=\"font-family: Arial, sans-serif;\"><span style=\"font-size: medium;\">que han de ser <\/span><\/span><span style=\"font-family: Arial, sans-serif;\"><span style=\"font-size: medium;\">vitals al dia a dia <\/span><\/span><span style=\"font-family: Arial, sans-serif;\"><span style=\"font-size: medium;\">de tota persona<\/span><\/span><span style=\"font-family: Arial, sans-serif;\"><span style=\"font-size: medium;\"> com la persecuci\u00f3 d\u2019objectius, el sacrifici, la felicitat <\/span><\/span><span style=\"font-family: Arial, sans-serif;\"><span style=\"font-size: medium;\">o<\/span><\/span><span style=\"font-family: Arial, sans-serif;\"><span style=\"font-size: medium;\"> la fam\u00edlia. <\/span><\/span><\/p>\n<p><span style=\"font-family: Arial, sans-serif;\"><span style=\"font-size: medium;\">Ha estat una estona fabulosa, <\/span><span style=\"font-size: medium;\">i hem gaudit molt amb tot el que ens ha explicat. <\/span><\/span><\/p>\n<p><span style=\"font-family: Arial, sans-serif;\"><span style=\"font-size: medium;\">FES\u00a0 <\/span><\/span><span style=\"text-decoration: underline;\"><strong><span style=\"font-family: Arial, sans-serif;\"><span style=\"font-size: xx-large;\"><a href=\"https:\/\/photos.app.goo.gl\/D7iW8N6V52oAe4D57\">CLIC<\/a> <\/span><\/span><\/strong><\/span><span style=\"font-family: Arial, sans-serif;\"><span style=\"font-size: medium;\">PER VEURE LES FOTOS.<\/span><\/span><\/p>\n","protected":false},"excerpt":{"rendered":"<p>EL LIMIT TE\u2019L POSES TU, aquest \u00e9s el t\u00edtol de la xerrada que el passat dimecres vam gaudir els nens i nenes de 6\u00e8 a c\u00e0rrec de l\u2019\u00c0lex Roca i la M. Carme.<br \/>\n\u00c0lex \u00e9s el primer atleta que amb una discapacitat f\u00edsica del 76%&hellip;  <a href=\"https:\/\/agora.xtec.cat\/ceiplajota\/general\/alex-roca-a-lescola\/\" title=\"Read \u00c0LEX ROCA A L&#8217;ESCOLA\">Llegeix m\u00e9s\u00bb<\/a><\/p>\n","protected":false},"author":3,"featured_media":5497,"comment_status":"open","ping_status":"closed","sticky":false,"template":"","format":"standard","meta":{"_bbp_topic_count":0,"_bbp_reply_count":0,"_bbp_total_topic_count":0,"_bbp_total_reply_count":0,"_bbp_voice_count":0,"_bbp_anonymous_reply_count":0,"_bbp_topic_count_hidden":0,"_bbp_reply_count_hidden":0,"_bbp_forum_subforum_count":0,"footnotes":""},"categories":[15,1,5],"tags":[],"class_list":["post-5496","post","type-post","status-publish","format-standard","has-post-thumbnail","hentry","category-6e","category-general","category-primaria"],"post_mailing_queue_ids":[],"_links":{"self":[{"href":"https:\/\/agora.xtec.cat\/ceiplajota\/wp-json\/wp\/v2\/posts\/5496","targetHints":{"allow":["GET"]}}],"collection":[{"href":"https:\/\/agora.xtec.cat\/ceiplajota\/wp-json\/wp\/v2\/posts"}],"about":[{"href":"https:\/\/agora.xtec.cat\/ceiplajota\/wp-json\/wp\/v2\/types\/post"}],"author":[{"embeddable":true,"href":"https:\/\/agora.xtec.cat\/ceiplajota\/wp-json\/wp\/v2\/users\/3"}],"replies":[{"embeddable":true,"href":"https:\/\/agora.xtec.cat\/ceiplajota\/wp-json\/wp\/v2\/comments?post=5496"}],"version-history":[{"count":1,"href":"https:\/\/agora.xtec.cat\/ceiplajota\/wp-json\/wp\/v2\/posts\/5496\/revisions"}],"predecessor-version":[{"id":5498,"href":"https:\/\/agora.xtec.cat\/ceiplajota\/wp-json\/wp\/v2\/posts\/5496\/revisions\/5498"}],"wp:featuredmedia":[{"embeddable":true,"href":"https:\/\/agora.xtec.cat\/ceiplajota\/wp-json\/wp\/v2\/media\/5497"}],"wp:attachment":[{"href":"https:\/\/agora.xtec.cat\/ceiplajota\/wp-json\/wp\/v2\/media?parent=5496"}],"wp:term":[{"taxonomy":"category","embeddable":true,"href":"https:\/\/agora.xtec.cat\/ceiplajota\/wp-json\/wp\/v2\/categories?post=5496"},{"taxonomy":"post_tag","embeddable":true,"href":"https:\/\/agora.xtec.cat\/ceiplajota\/wp-json\/wp\/v2\/tags?post=5496"}],"curies":[{"name":"wp","href":"https:\/\/api.w.org\/{rel}","templated":true}]}}