{"id":5466,"date":"2023-04-13T23:31:21","date_gmt":"2023-04-13T21:31:21","guid":{"rendered":"https:\/\/agora.xtec.cat\/ceiplajota\/?p=5466"},"modified":"2023-04-13T23:41:43","modified_gmt":"2023-04-13T21:41:43","slug":"bika-vol-dir-avia","status":"publish","type":"post","link":"https:\/\/agora.xtec.cat\/ceiplajota\/general\/bika-vol-dir-avia\/","title":{"rendered":"BIKA VOL DIR \u00c0VIA"},"content":{"rendered":"<p>Bon dia fam\u00edlies de tercer,<\/p>\n<p>Aquest dimarts les nenes i nens de tercer hem rebut la visita de la Paula L\u00f3pez i la Mar\u00eda Rosa Contreras acompanyades de la Dami per parlar-nos del conte <strong>&#8220;BIKA VOL DIR \u00c0VIA&#8221;<\/strong>.<\/p>\n<p>La Paula \u00e9s l&#8217;autora i la Mar\u00eda Rosa la seva il.lustradora, tamb\u00e9 han comptat amb la participaci\u00f3 de l&#8217;associaci\u00f3 de dones gitanes de Badia <strong>Tumenge<\/strong> <strong>Cal\u00ed<\/strong>.<\/p>\n<p>Aquesta \u00e9s la hist\u00f2ria de la Rosa i de la seva Bika (\u00e0via). \u00c9s tamb\u00e9 una hist\u00f2ria de superaci\u00f3, de la import\u00e0ncia de trencar barreres, una crida a la igualtat i a l&#8217;esperan\u00e7a d&#8217;un m\u00f3n millor.<\/p>\n<p>Hem gaudit i apr\u00e9s molt amb les explicacions de la Paula i els dibuixos de la Mar\u00eda, us agra\u00efm la vostra visita i esperem que torneu aviat.<\/p>\n<p>Aqu\u00ed teniu algunes fotos d&#8217;aquest moment \ud83d\udc47\ud83d\udc47\ud83d\udc47<\/p>\n<h2><a href=\"https:\/\/photos.app.goo.gl\/S8dRbwm76pnYeQt98\">BIKA VOL DIR \u00c0VIA<\/a><\/h2>\n","protected":false},"excerpt":{"rendered":"<p>Bon dia fam\u00edlies de tercer,<br \/>\nAquest dimarts les nenes i nens de tercer hem rebut la visita de la Paula L\u00f3pez i la Mar\u00eda Rosa Contreras acompanyades de la Dami per parlar-nos del conte &#8220;BIKA VOL DIR \u00c0VIA&#8221;.<br \/>\nLa Paula \u00e9s l&#8217;autora i la Mar\u00eda Rosa la&hellip;  <a href=\"https:\/\/agora.xtec.cat\/ceiplajota\/general\/bika-vol-dir-avia\/\" title=\"Read BIKA VOL DIR \u00c0VIA\">Llegeix m\u00e9s\u00bb<\/a><\/p>\n","protected":false},"author":22,"featured_media":5468,"comment_status":"open","ping_status":"closed","sticky":false,"template":"","format":"standard","meta":{"_bbp_topic_count":0,"_bbp_reply_count":0,"_bbp_total_topic_count":0,"_bbp_total_reply_count":0,"_bbp_voice_count":0,"_bbp_anonymous_reply_count":0,"_bbp_topic_count_hidden":0,"_bbp_reply_count_hidden":0,"_bbp_forum_subforum_count":0,"footnotes":""},"categories":[12,1],"tags":[],"class_list":["post-5466","post","type-post","status-publish","format-standard","has-post-thumbnail","hentry","category-3r","category-general"],"post_mailing_queue_ids":[],"_links":{"self":[{"href":"https:\/\/agora.xtec.cat\/ceiplajota\/wp-json\/wp\/v2\/posts\/5466","targetHints":{"allow":["GET"]}}],"collection":[{"href":"https:\/\/agora.xtec.cat\/ceiplajota\/wp-json\/wp\/v2\/posts"}],"about":[{"href":"https:\/\/agora.xtec.cat\/ceiplajota\/wp-json\/wp\/v2\/types\/post"}],"author":[{"embeddable":true,"href":"https:\/\/agora.xtec.cat\/ceiplajota\/wp-json\/wp\/v2\/users\/22"}],"replies":[{"embeddable":true,"href":"https:\/\/agora.xtec.cat\/ceiplajota\/wp-json\/wp\/v2\/comments?post=5466"}],"version-history":[{"count":1,"href":"https:\/\/agora.xtec.cat\/ceiplajota\/wp-json\/wp\/v2\/posts\/5466\/revisions"}],"predecessor-version":[{"id":5467,"href":"https:\/\/agora.xtec.cat\/ceiplajota\/wp-json\/wp\/v2\/posts\/5466\/revisions\/5467"}],"wp:featuredmedia":[{"embeddable":true,"href":"https:\/\/agora.xtec.cat\/ceiplajota\/wp-json\/wp\/v2\/media\/5468"}],"wp:attachment":[{"href":"https:\/\/agora.xtec.cat\/ceiplajota\/wp-json\/wp\/v2\/media?parent=5466"}],"wp:term":[{"taxonomy":"category","embeddable":true,"href":"https:\/\/agora.xtec.cat\/ceiplajota\/wp-json\/wp\/v2\/categories?post=5466"},{"taxonomy":"post_tag","embeddable":true,"href":"https:\/\/agora.xtec.cat\/ceiplajota\/wp-json\/wp\/v2\/tags?post=5466"}],"curies":[{"name":"wp","href":"https:\/\/api.w.org\/{rel}","templated":true}]}}