{"id":5448,"date":"2023-03-24T17:51:29","date_gmt":"2023-03-24T16:51:29","guid":{"rendered":"https:\/\/agora.xtec.cat\/ceiplajota\/?p=5448"},"modified":"2023-03-24T17:52:52","modified_gmt":"2023-03-24T16:52:52","slug":"i3-anem-al-trenet-del-parc-de-catalunya","status":"publish","type":"post","link":"https:\/\/agora.xtec.cat\/ceiplajota\/general\/i3-anem-al-trenet-del-parc-de-catalunya\/","title":{"rendered":"I3 Anem al trenet del Parc de Catalunya."},"content":{"rendered":"<p>Hola fam\u00edlies!<\/p>\n<p>Dijous passat els nens i nenes de I3 vam visitar el trenet del Parc de Catalunya a Sabadell. Ens ho vam passar d&#8217;all\u00f2 m\u00e9s b\u00e9.<\/p>\n<p>Ens van explicar una mica cosetes del tren, vam demanar el tiquet i vam poder fer una volteta mooooooolt xula!.<\/p>\n<p>Si voleu veure algunes de les fotos que vam fer poder clicar el dibuix del tren.<\/p>\n<p><a href=\"https:\/\/photos.app.goo.gl\/mn7JyJhYAZPM4vHx7\"><img loading=\"lazy\" decoding=\"async\" class=\"n3VNCb pT0Scc KAlRDb\" role=\"\" src=\"http:\/\/cdn5.dibuixos.cat\/dibuixos\/pintats\/201636\/tren-divertit-vehicles-trens-544905.jpg\" alt=\"Dibuix de Tren divertit pintat per Usuari no registrat el dia 11 de Setembre del 2016\" width=\"426\" height=\"334\" aria-label=\"\" data-noaft=\"1\" \/><\/a><\/p>\n","protected":false},"excerpt":{"rendered":"<p>Hola fam\u00edlies!<br \/>\nDijous passat els nens i nenes de I3 vam visitar el trenet del Parc de Catalunya a Sabadell. Ens ho vam passar d&#8217;all\u00f2 m\u00e9s b\u00e9.<br \/>\nEns van explicar una mica cosetes del tren, vam demanar el tiquet i vam poder fer una volteta mooooooolt xula!.<br \/>\nSi&hellip;  <a href=\"https:\/\/agora.xtec.cat\/ceiplajota\/general\/i3-anem-al-trenet-del-parc-de-catalunya\/\" title=\"Read I3 Anem al trenet del Parc de Catalunya.\">Llegeix m\u00e9s\u00bb<\/a><\/p>\n","protected":false},"author":34,"featured_media":5450,"comment_status":"closed","ping_status":"closed","sticky":false,"template":"","format":"standard","meta":{"_bbp_topic_count":0,"_bbp_reply_count":0,"_bbp_total_topic_count":0,"_bbp_total_reply_count":0,"_bbp_voice_count":0,"_bbp_anonymous_reply_count":0,"_bbp_topic_count_hidden":0,"_bbp_reply_count_hidden":0,"_bbp_forum_subforum_count":0,"footnotes":""},"categories":[1,2],"tags":[],"class_list":["post-5448","post","type-post","status-publish","format-standard","has-post-thumbnail","hentry","category-general","category-infantil"],"post_mailing_queue_ids":[],"_links":{"self":[{"href":"https:\/\/agora.xtec.cat\/ceiplajota\/wp-json\/wp\/v2\/posts\/5448","targetHints":{"allow":["GET"]}}],"collection":[{"href":"https:\/\/agora.xtec.cat\/ceiplajota\/wp-json\/wp\/v2\/posts"}],"about":[{"href":"https:\/\/agora.xtec.cat\/ceiplajota\/wp-json\/wp\/v2\/types\/post"}],"author":[{"embeddable":true,"href":"https:\/\/agora.xtec.cat\/ceiplajota\/wp-json\/wp\/v2\/users\/34"}],"replies":[{"embeddable":true,"href":"https:\/\/agora.xtec.cat\/ceiplajota\/wp-json\/wp\/v2\/comments?post=5448"}],"version-history":[{"count":1,"href":"https:\/\/agora.xtec.cat\/ceiplajota\/wp-json\/wp\/v2\/posts\/5448\/revisions"}],"predecessor-version":[{"id":5449,"href":"https:\/\/agora.xtec.cat\/ceiplajota\/wp-json\/wp\/v2\/posts\/5448\/revisions\/5449"}],"wp:featuredmedia":[{"embeddable":true,"href":"https:\/\/agora.xtec.cat\/ceiplajota\/wp-json\/wp\/v2\/media\/5450"}],"wp:attachment":[{"href":"https:\/\/agora.xtec.cat\/ceiplajota\/wp-json\/wp\/v2\/media?parent=5448"}],"wp:term":[{"taxonomy":"category","embeddable":true,"href":"https:\/\/agora.xtec.cat\/ceiplajota\/wp-json\/wp\/v2\/categories?post=5448"},{"taxonomy":"post_tag","embeddable":true,"href":"https:\/\/agora.xtec.cat\/ceiplajota\/wp-json\/wp\/v2\/tags?post=5448"}],"curies":[{"name":"wp","href":"https:\/\/api.w.org\/{rel}","templated":true}]}}