{"id":5407,"date":"2023-03-14T21:49:33","date_gmt":"2023-03-14T20:49:33","guid":{"rendered":"https:\/\/agora.xtec.cat\/ceiplajota\/?p=5407"},"modified":"2023-04-04T13:05:58","modified_gmt":"2023-04-04T11:05:58","slug":"a-quart-llegim-amb-lanna-manso","status":"publish","type":"post","link":"https:\/\/agora.xtec.cat\/ceiplajota\/general\/a-quart-llegim-amb-lanna-manso\/","title":{"rendered":"A QUART LLEGIM AMB L&#8217;ANNA MANSO"},"content":{"rendered":"<p><a href=\"https:\/\/agora.xtec.cat\/ceiplajota\/wp-content\/uploads\/usu1571\/2022\/11\/Logos-PMOE-PROA.png\"><img loading=\"lazy\" decoding=\"async\" class=\"aligncenter size-large wp-image-5252\" src=\"https:\/\/agora.xtec.cat\/ceiplajota\/wp-content\/uploads\/usu1571\/2022\/11\/Logos-PMOE-PROA-1024x129.png\" alt=\"\" width=\"1024\" height=\"129\" srcset=\"https:\/\/agora.xtec.cat\/ceiplajota\/wp-content\/uploads\/usu1571\/2022\/11\/Logos-PMOE-PROA-1024x129.png 1024w, https:\/\/agora.xtec.cat\/ceiplajota\/wp-content\/uploads\/usu1571\/2022\/11\/Logos-PMOE-PROA-300x38.png 300w, https:\/\/agora.xtec.cat\/ceiplajota\/wp-content\/uploads\/usu1571\/2022\/11\/Logos-PMOE-PROA-768x97.png 768w, https:\/\/agora.xtec.cat\/ceiplajota\/wp-content\/uploads\/usu1571\/2022\/11\/Logos-PMOE-PROA.png 1214w\" sizes=\"auto, (max-width: 1024px) 100vw, 1024px\" \/><\/a>Bon dia fam\u00edlies de quart,<\/p>\n<p>Aquesta setmana hem tornat a rebre la visita de l&#8217;escriptora <a href=\"https:\/\/ca.wikipedia.org\/wiki\/Anna_Manso_Munn%C3%A9\" target=\"_blank\" rel=\"noopener\">Anna Manso<\/a> qui ja va venir el curs passat per ensenyar-nos la seva<strong> &#8220;Caixa d&#8217;Eines&#8221;<\/strong>. L&#8217;Anna, \u00e9s una guionista i escriptora de literatura infantil i juvenil catalana, va n\u00e9ixer a Barcelona i ha publicat m\u00e9s de 40 llibres.<\/p>\n<p>Les nenes i nens de quart ens hav\u00edem preparat molt b\u00e9 per aquest dia i ja ens hav\u00edem llegit un dels seus llibres <strong>&#8220;Amics Monstruosos&#8221;<\/strong>. \u00c9s la hist\u00f2ria de la Sandra que t\u00e9 uns pares molt joves a qui els falta pr\u00e0ctica per arribar a ser uns \u201cpares professionals\u201d i sempre necessiten que la seva filla els ajudi. La Sandra \u00e9s una nena molt\u00a0 t\u00edmida i poruga , per aix\u00f2 s\u2019emporta un ensurt dels grossos quan, una nit, una veu greu i monstruosa la desperta&#8230;<\/p>\n<p>Amb l&#8217;Anna hem pogut comentar aquesta hist\u00f2ria i tamb\u00e9 hem li hem fet moltes preguntes tant del seu ofici d&#8217;escriptora com dels personatges del llibre. Per finalitzar, i guiats per l&#8217;Anna,\u00a0 ens hem inventat la nostra pr\u00f2pia hist\u00f2ria: <strong>&#8220;La Capivara Calavera&#8221;<\/strong> qui sap, potser algun dia es converteix en un llibre de veritat.<\/p>\n<p>Moltes gr\u00e0cies Anna per compartir amb nosaltres la teva experi\u00e8ncia i per signar-nos els llibres. Ens ha fet molta il.lusi\u00f3!<\/p>\n<p>&nbsp;<\/p>\n<h5>Si voleu veure les imatges d&#8217;aquests moments cliqueu aqu\u00ed \ud83d\udc47\ud83d\udc47\ud83d\udc47\ud83d\udc47\ud83d\udc47\ud83d\udc47\ud83d\udc47\ud83d\udc47\ud83d\udc47\ud83d\udc47\ud83d\udc47<\/h5>\n<h1 style=\"text-align: center;\"><a href=\"https:\/\/photos.app.goo.gl\/Egm11yC9w1a7cRC58\">LLEGIM AMB L&#8217;ANNA MANSO<\/a><\/h1>\n<p style=\"text-align: center;\"><img loading=\"lazy\" decoding=\"async\" class=\"\" src=\"https:\/\/www.clijcat.cat\/faristol\/critiques_new\/2534_9788415975137_04_g.jpg\" width=\"326\" height=\"515\" \/><\/p>\n<p>&nbsp;<\/p>\n<p>&nbsp;<\/p>\n<p>&nbsp;<\/p>\n","protected":false},"excerpt":{"rendered":"<p><a href=\"https:\/\/agora.xtec.cat\/ceiplajota\/wp-content\/uploads\/usu1571\/2022\/11\/Logos-PMOE-PROA.png\"><\/a>Bon dia fam\u00edlies de quart,<br \/>\nAquesta setmana hem tornat a rebre la visita de l&#8217;escriptora <a href=\"https:\/\/ca.wikipedia.org\/wiki\/Anna_Manso_Munn%C3%A9\" target=\"_blank\" rel=\"noopener\">Anna Manso<\/a> qui ja va venir el curs passat per ensenyar-nos la seva &#8220;Caixa d&#8217;Eines&#8221;. L&#8217;Anna, \u00e9s una guionista i escriptora de literatura infantil i juvenil catalana,&hellip;  <a href=\"https:\/\/agora.xtec.cat\/ceiplajota\/general\/a-quart-llegim-amb-lanna-manso\/\" title=\"Read A QUART LLEGIM AMB L&#8217;ANNA MANSO\">Llegeix m\u00e9s\u00bb<\/a><\/p>\n","protected":false},"author":22,"featured_media":5413,"comment_status":"open","ping_status":"closed","sticky":false,"template":"","format":"standard","meta":{"_bbp_topic_count":0,"_bbp_reply_count":0,"_bbp_total_topic_count":0,"_bbp_total_reply_count":0,"_bbp_voice_count":0,"_bbp_anonymous_reply_count":0,"_bbp_topic_count_hidden":0,"_bbp_reply_count_hidden":0,"_bbp_forum_subforum_count":0,"footnotes":""},"categories":[13,1],"tags":[],"class_list":["post-5407","post","type-post","status-publish","format-standard","has-post-thumbnail","hentry","category-4t","category-general"],"post_mailing_queue_ids":[],"_links":{"self":[{"href":"https:\/\/agora.xtec.cat\/ceiplajota\/wp-json\/wp\/v2\/posts\/5407","targetHints":{"allow":["GET"]}}],"collection":[{"href":"https:\/\/agora.xtec.cat\/ceiplajota\/wp-json\/wp\/v2\/posts"}],"about":[{"href":"https:\/\/agora.xtec.cat\/ceiplajota\/wp-json\/wp\/v2\/types\/post"}],"author":[{"embeddable":true,"href":"https:\/\/agora.xtec.cat\/ceiplajota\/wp-json\/wp\/v2\/users\/22"}],"replies":[{"embeddable":true,"href":"https:\/\/agora.xtec.cat\/ceiplajota\/wp-json\/wp\/v2\/comments?post=5407"}],"version-history":[{"count":4,"href":"https:\/\/agora.xtec.cat\/ceiplajota\/wp-json\/wp\/v2\/posts\/5407\/revisions"}],"predecessor-version":[{"id":5454,"href":"https:\/\/agora.xtec.cat\/ceiplajota\/wp-json\/wp\/v2\/posts\/5407\/revisions\/5454"}],"wp:featuredmedia":[{"embeddable":true,"href":"https:\/\/agora.xtec.cat\/ceiplajota\/wp-json\/wp\/v2\/media\/5413"}],"wp:attachment":[{"href":"https:\/\/agora.xtec.cat\/ceiplajota\/wp-json\/wp\/v2\/media?parent=5407"}],"wp:term":[{"taxonomy":"category","embeddable":true,"href":"https:\/\/agora.xtec.cat\/ceiplajota\/wp-json\/wp\/v2\/categories?post=5407"},{"taxonomy":"post_tag","embeddable":true,"href":"https:\/\/agora.xtec.cat\/ceiplajota\/wp-json\/wp\/v2\/tags?post=5407"}],"curies":[{"name":"wp","href":"https:\/\/api.w.org\/{rel}","templated":true}]}}