{"id":5386,"date":"2023-03-01T08:05:42","date_gmt":"2023-03-01T07:05:42","guid":{"rendered":"https:\/\/agora.xtec.cat\/ceiplajota\/?p=5386"},"modified":"2023-03-14T19:36:38","modified_gmt":"2023-03-14T18:36:38","slug":"contes-tradicionals-del-japo","status":"publish","type":"post","link":"https:\/\/agora.xtec.cat\/ceiplajota\/general\/contes-tradicionals-del-japo\/","title":{"rendered":"Contes tradicionals del Jap\u00f3."},"content":{"rendered":"<p>Hola, fam\u00edlies!<\/p>\n<p>Com ja sabreu a l&#8217;escola estem treballant el Jap\u00f3.<\/p>\n<p>Entre totes les activitats que estem realitzant els nens i les nenes d&#8217;educaci\u00f3 infantil hem pogut gaudir d&#8217;un conte tradicional del Jap\u00f3 explicat per un japon\u00e8s molt i molt divertit. Moltes gr\u00e0cies, Yoshi!<\/p>\n<p><a href=\"https:\/\/photos.app.goo.gl\/QMEbLWRkBaHVEgNg9\">Aqu\u00ed teniu alguns d&#8217;aquests moments.<\/a><\/p>\n<p>&nbsp;<\/p>\n<p><a href=\"https:\/\/agora.xtec.cat\/ceiplajota\/wp-content\/uploads\/usu1571\/2022\/11\/Logos-PMOE-PROA.png\"><img loading=\"lazy\" decoding=\"async\" class=\"aligncenter size-large wp-image-5252\" src=\"https:\/\/agora.xtec.cat\/ceiplajota\/wp-content\/uploads\/usu1571\/2022\/11\/Logos-PMOE-PROA-1024x129.png\" alt=\"\" width=\"1024\" height=\"129\" srcset=\"https:\/\/agora.xtec.cat\/ceiplajota\/wp-content\/uploads\/usu1571\/2022\/11\/Logos-PMOE-PROA-1024x129.png 1024w, https:\/\/agora.xtec.cat\/ceiplajota\/wp-content\/uploads\/usu1571\/2022\/11\/Logos-PMOE-PROA-300x38.png 300w, https:\/\/agora.xtec.cat\/ceiplajota\/wp-content\/uploads\/usu1571\/2022\/11\/Logos-PMOE-PROA-768x97.png 768w, https:\/\/agora.xtec.cat\/ceiplajota\/wp-content\/uploads\/usu1571\/2022\/11\/Logos-PMOE-PROA.png 1214w\" sizes=\"auto, (max-width: 1024px) 100vw, 1024px\" \/><\/a><\/p>\n<p>&nbsp;<\/p>\n<div class=\"c7cjWc mvjhOe\">\n<div class=\" bRMDJf islir\"><\/div>\n<div class=\"c7cjWc mvjhOe\"><\/div>\n<\/div>\n","protected":false},"excerpt":{"rendered":"<p>Hola, fam\u00edlies!<br \/>\nCom ja sabreu a l&#8217;escola estem treballant el Jap\u00f3.<br \/>\nEntre totes les activitats que estem realitzant els nens i les nenes d&#8217;educaci\u00f3 infantil hem pogut gaudir d&#8217;un conte tradicional del Jap\u00f3 explicat per un japon\u00e8s molt i molt divertit. Moltes gr\u00e0cies, Yoshi!<br \/>\n<a href=\"https:\/\/photos.app.goo.gl\/QMEbLWRkBaHVEgNg9\">Aqu\u00ed teniu alguns&hellip;  <a href=\"https:\/\/agora.xtec.cat\/ceiplajota\/general\/contes-tradicionals-del-japo\/\" title=\"Read Contes tradicionals del Jap\u00f3.\">Llegeix m\u00e9s\u00bb<\/a><\/p>\n","protected":false},"author":34,"featured_media":5404,"comment_status":"closed","ping_status":"closed","sticky":false,"template":"","format":"standard","meta":{"_bbp_topic_count":0,"_bbp_reply_count":0,"_bbp_total_topic_count":0,"_bbp_total_reply_count":0,"_bbp_voice_count":0,"_bbp_anonymous_reply_count":0,"_bbp_topic_count_hidden":0,"_bbp_reply_count_hidden":0,"_bbp_forum_subforum_count":0,"footnotes":""},"categories":[1,2],"tags":[],"class_list":["post-5386","post","type-post","status-publish","format-standard","has-post-thumbnail","hentry","category-general","category-infantil"],"post_mailing_queue_ids":[],"_links":{"self":[{"href":"https:\/\/agora.xtec.cat\/ceiplajota\/wp-json\/wp\/v2\/posts\/5386","targetHints":{"allow":["GET"]}}],"collection":[{"href":"https:\/\/agora.xtec.cat\/ceiplajota\/wp-json\/wp\/v2\/posts"}],"about":[{"href":"https:\/\/agora.xtec.cat\/ceiplajota\/wp-json\/wp\/v2\/types\/post"}],"author":[{"embeddable":true,"href":"https:\/\/agora.xtec.cat\/ceiplajota\/wp-json\/wp\/v2\/users\/34"}],"replies":[{"embeddable":true,"href":"https:\/\/agora.xtec.cat\/ceiplajota\/wp-json\/wp\/v2\/comments?post=5386"}],"version-history":[{"count":3,"href":"https:\/\/agora.xtec.cat\/ceiplajota\/wp-json\/wp\/v2\/posts\/5386\/revisions"}],"predecessor-version":[{"id":5406,"href":"https:\/\/agora.xtec.cat\/ceiplajota\/wp-json\/wp\/v2\/posts\/5386\/revisions\/5406"}],"wp:featuredmedia":[{"embeddable":true,"href":"https:\/\/agora.xtec.cat\/ceiplajota\/wp-json\/wp\/v2\/media\/5404"}],"wp:attachment":[{"href":"https:\/\/agora.xtec.cat\/ceiplajota\/wp-json\/wp\/v2\/media?parent=5386"}],"wp:term":[{"taxonomy":"category","embeddable":true,"href":"https:\/\/agora.xtec.cat\/ceiplajota\/wp-json\/wp\/v2\/categories?post=5386"},{"taxonomy":"post_tag","embeddable":true,"href":"https:\/\/agora.xtec.cat\/ceiplajota\/wp-json\/wp\/v2\/tags?post=5386"}],"curies":[{"name":"wp","href":"https:\/\/api.w.org\/{rel}","templated":true}]}}