{"id":5282,"date":"2023-02-03T18:20:02","date_gmt":"2023-02-03T17:20:02","guid":{"rendered":"https:\/\/agora.xtec.cat\/ceiplajota\/?p=5282"},"modified":"2023-02-07T19:51:24","modified_gmt":"2023-02-07T18:51:24","slug":"consell-de-delegats-dalumnes","status":"publish","type":"post","link":"https:\/\/agora.xtec.cat\/ceiplajota\/general\/consell-de-delegats-dalumnes\/","title":{"rendered":"Consell de Delegats d&#8217;Alumnes"},"content":{"rendered":"<p>En el cam\u00ed de la major participaci\u00f3 de tota la comunitat educativa, avui divendres dia 3 de febrer s&#8217;ha fet la primera reuni\u00f3 del <strong>Consell de Delegats d&#8217;Alumnes<\/strong> amb l&#8217;equip directiu.<\/p>\n<p>Nens i nenes des de P3 i fins a 6\u00e8 s&#8217;han trobat per donar inici a aquest consell.<\/p>\n<p>A les classes previament s&#8217;ha parlat del Consell de Delegats d&#8217;Alumnes, de qu\u00e8 \u00e9s, de quines funcions t\u00e9, quines responsabilitats &#8230; i cada grup ha triat el seu o la seva representant. Aquesta tria a partit de si hi havia volunt\u00e0ris o volunt\u00e0ries que ho volien fer, si no era el cas, s&#8217;ha fet una votaci\u00f3 i els triats entre tots i totes, representen la classe per un trimestre. Cada trimestre hi haur\u00e0 un o una representant diferent. L&#8217;objectiu, que tothom ho sigui al llarg de l&#8217;escolaritat al centre.<\/p>\n<p>Amb el Consell de Delegats d&#8217;Alumnes volem implicar encara m\u00e9s els infants al centre: la seva conservaci\u00f3 i cura, les millores que l&#8217;alumnat troba necess\u00e0ries, les festes, els espais d&#8217;esbarjo, l&#8217;avaluaci\u00f3,&#8230; Per\u00f2 \u00e9s tamb\u00e9, una molt bona forma de treballar l&#8217;expressi\u00f3 oral, el transmetre les idees, l&#8217;escolta activa, el respecte envers les diferents opinions i &#8230;<\/p>\n<p>Un dels representants fa l&#8217;acta de la reuni\u00f3 i tots els representants tracten els temes a les properes sessions de tutoria de classe.<\/p>\n<p>Temes que avui han tractat els Delegats dels Alumnes:<\/p>\n<ul style=\"list-style-type: disc;\">\n<li>\u00a0 \u00a0 \u00a0 \u00a0 \u00a0Presentaci\u00f3 de tots els participants<\/li>\n<li>\u00a0 \u00a0 \u00a0 \u00a0 \u00a0Tractar b\u00e9 els materials de joc dels patis<\/li>\n<li>\u00a0 \u00a0 \u00a0 \u00a0 \u00a0Llen\u00e7ar sempre els papers a les escombraries<\/li>\n<li>\u00a0 \u00a0 \u00a0 \u00a0 \u00a0Tenir els patis i les pistes supernets<\/li>\n<li>\u00a0 \u00a0 \u00a0 \u00a0 \u00a0Fer \u00fas de les pistes esportives municipals des de 4t fins a 6\u00e8 curs, un dia cada classe<\/li>\n<li>\u00a0 \u00a0 \u00a0 \u00a0 \u00a0No barallar-se<\/li>\n<\/ul>\n<p>Cal destacar la participaci\u00f3 activa dels delegats de P3 i de P4, ens han sorpr\u00e8s amb les seves aportacions i ganes de fer.<\/p>\n<p>Moltes gr\u00e0cies a tots els delegats i delegades.<\/p>\n<p><a href=\"https:\/\/agora.xtec.cat\/ceiplajota\/wp-content\/uploads\/usu1571\/2023\/02\/Imatge.png\"><img loading=\"lazy\" decoding=\"async\" class=\"aligncenter size-full wp-image-5285\" src=\"https:\/\/agora.xtec.cat\/ceiplajota\/wp-content\/uploads\/usu1571\/2023\/02\/Imatge.png\" alt=\"\" width=\"317\" height=\"212\" srcset=\"https:\/\/agora.xtec.cat\/ceiplajota\/wp-content\/uploads\/usu1571\/2023\/02\/Imatge.png 317w, https:\/\/agora.xtec.cat\/ceiplajota\/wp-content\/uploads\/usu1571\/2023\/02\/Imatge-300x201.png 300w\" sizes=\"auto, (max-width: 317px) 100vw, 317px\" \/><\/a><\/p>\n<p><span style=\"color: #0000ff;\"><strong>Anem fent escola! Anem creixent cap a l&#8217;institut!<\/strong><\/span><\/p>\n<p>&nbsp;<\/p>\n<p>&nbsp;<\/p>\n<p>&nbsp;<\/p>\n","protected":false},"excerpt":{"rendered":"<p>En el cam\u00ed de la major participaci\u00f3 de tota la comunitat educativa, avui divendres dia 3 de febrer s&#8217;ha fet la primera reuni\u00f3 del Consell de Delegats d&#8217;Alumnes amb l&#8217;equip directiu.<br \/>\nNens i nenes des de P3 i fins a 6\u00e8 s&#8217;han trobat per donar inici&hellip;  <a href=\"https:\/\/agora.xtec.cat\/ceiplajota\/general\/consell-de-delegats-dalumnes\/\" title=\"Read Consell de Delegats d&#8217;Alumnes\">Llegeix m\u00e9s\u00bb<\/a><\/p>\n","protected":false},"author":1,"featured_media":5291,"comment_status":"open","ping_status":"closed","sticky":false,"template":"","format":"standard","meta":{"_bbp_topic_count":0,"_bbp_reply_count":0,"_bbp_total_topic_count":0,"_bbp_total_reply_count":0,"_bbp_voice_count":0,"_bbp_anonymous_reply_count":0,"_bbp_topic_count_hidden":0,"_bbp_reply_count_hidden":0,"_bbp_forum_subforum_count":0,"footnotes":""},"categories":[1],"tags":[],"class_list":["post-5282","post","type-post","status-publish","format-standard","has-post-thumbnail","hentry","category-general"],"post_mailing_queue_ids":[],"_links":{"self":[{"href":"https:\/\/agora.xtec.cat\/ceiplajota\/wp-json\/wp\/v2\/posts\/5282","targetHints":{"allow":["GET"]}}],"collection":[{"href":"https:\/\/agora.xtec.cat\/ceiplajota\/wp-json\/wp\/v2\/posts"}],"about":[{"href":"https:\/\/agora.xtec.cat\/ceiplajota\/wp-json\/wp\/v2\/types\/post"}],"author":[{"embeddable":true,"href":"https:\/\/agora.xtec.cat\/ceiplajota\/wp-json\/wp\/v2\/users\/1"}],"replies":[{"embeddable":true,"href":"https:\/\/agora.xtec.cat\/ceiplajota\/wp-json\/wp\/v2\/comments?post=5282"}],"version-history":[{"count":4,"href":"https:\/\/agora.xtec.cat\/ceiplajota\/wp-json\/wp\/v2\/posts\/5282\/revisions"}],"predecessor-version":[{"id":5292,"href":"https:\/\/agora.xtec.cat\/ceiplajota\/wp-json\/wp\/v2\/posts\/5282\/revisions\/5292"}],"wp:featuredmedia":[{"embeddable":true,"href":"https:\/\/agora.xtec.cat\/ceiplajota\/wp-json\/wp\/v2\/media\/5291"}],"wp:attachment":[{"href":"https:\/\/agora.xtec.cat\/ceiplajota\/wp-json\/wp\/v2\/media?parent=5282"}],"wp:term":[{"taxonomy":"category","embeddable":true,"href":"https:\/\/agora.xtec.cat\/ceiplajota\/wp-json\/wp\/v2\/categories?post=5282"},{"taxonomy":"post_tag","embeddable":true,"href":"https:\/\/agora.xtec.cat\/ceiplajota\/wp-json\/wp\/v2\/tags?post=5282"}],"curies":[{"name":"wp","href":"https:\/\/api.w.org\/{rel}","templated":true}]}}