{"id":5254,"date":"2023-01-29T17:58:51","date_gmt":"2023-01-29T16:58:51","guid":{"rendered":"https:\/\/agora.xtec.cat\/ceiplajota\/?p=5254"},"modified":"2023-02-06T14:51:00","modified_gmt":"2023-02-06T13:51:00","slug":"teatre-dangles","status":"publish","type":"post","link":"https:\/\/agora.xtec.cat\/ceiplajota\/general\/teatre-dangles\/","title":{"rendered":"Teatre d&#8217;Angl\u00e8s"},"content":{"rendered":"<p>Dilluns 16, dimarts 17 i dimecres 18 de gener de 2023, l&#8217;alumnat de prim\u00e0ria de l&#8217;Escola La Jota ha anat al Teatre de Can Rull, Sabadell,\u00a0 per assistir a unes representacions de teatre en angl\u00e8s.<\/p>\n<p>Abans d&#8217;anar a Sabadell, els alumnes han preparat a la seva classe la hist\u00f2ria, el vocabulari i les can\u00e7ons de l&#8217;obra, aix\u00ed un cop a Can Rull, poder seguir i participar molt m\u00e9s de l&#8217;activitat.<\/p>\n<p>Cada cicle ha participat en una obra de teatre diferent, adaptada a la seva edat i nivell d&#8217;angles.<\/p>\n<p>Cicle Inicial (1r i 2n curs) ha vist <a href=\"https:\/\/www.ipaproductions.com\/es\/shows\/georgina\" target=\"_blank\" rel=\"noopener\">Georgina and the dragon<\/a>, Cicle Mitj\u00e0 (3r i 4t curs) ha vist <a href=\"https:\/\/www.ipaproductions.com\/es\/shows\/aladdin\" target=\"_blank\" rel=\"noopener\">Aladdin<\/a> i Cicle Superior (5\u00e8 i 6\u00e8 curs) <a href=\"https:\/\/www.ipaproductions.com\/es\/shows\/dracula-2.1\" target=\"_blank\" rel=\"noopener\">Dracula<\/a>. Aquestes obres s\u00f3n adaptacions que IPA Productions S.L. fa per les escoles.<\/p>\n<p>A l&#8217;escola tamb\u00e9 es fa un treball posterior a l&#8217;anada al teatre. Rep\u00e0s del vocabulari, valoraci\u00f3 de l&#8217;activitat tant de l&#8217;alumnat com del professorat i de les fam\u00edlies.<\/p>\n<p>Aquesta activitat ha estat totalment gratu\u00efta, afavorint aix\u00ed la participaci\u00f3 de tot l&#8217;alumnat malgrat la situaci\u00f3 econ\u00f2mica a casa. Les fam\u00edlies no han hagut de pagar ni el transport de Badia a Sabadell i de tornada (bus) ni les entrades al teatre.<\/p>\n<p>L&#8217;activitat ha estat finan\u00e7ada pel Ministeri d&#8217;Educaci\u00f3 i Formaci\u00f3 Professional i el Mecanisme de recuperaci\u00f3, transformaci\u00f3 i resili\u00e8ncia i per la Uni\u00f3 Europea NextGenerationEU, Programa PMOE-PROA+ del curs 2022-2023.<\/p>\n<p><a href=\"https:\/\/agora.xtec.cat\/ceiplajota\/wp-content\/uploads\/usu1571\/2022\/11\/Logos-PMOE-PROA.png\"><img loading=\"lazy\" decoding=\"async\" class=\"aligncenter size-full wp-image-5252\" src=\"https:\/\/agora.xtec.cat\/ceiplajota\/wp-content\/uploads\/usu1571\/2022\/11\/Logos-PMOE-PROA.png\" alt=\"\" width=\"1214\" height=\"153\" srcset=\"https:\/\/agora.xtec.cat\/ceiplajota\/wp-content\/uploads\/usu1571\/2022\/11\/Logos-PMOE-PROA.png 1214w, https:\/\/agora.xtec.cat\/ceiplajota\/wp-content\/uploads\/usu1571\/2022\/11\/Logos-PMOE-PROA-300x38.png 300w, https:\/\/agora.xtec.cat\/ceiplajota\/wp-content\/uploads\/usu1571\/2022\/11\/Logos-PMOE-PROA-1024x129.png 1024w, https:\/\/agora.xtec.cat\/ceiplajota\/wp-content\/uploads\/usu1571\/2022\/11\/Logos-PMOE-PROA-768x97.png 768w\" sizes=\"auto, (max-width: 1214px) 100vw, 1214px\" \/><\/a><\/p>\n<p>Si voleu veure imatges d&#8217;aquests matins, podeu clicar a sobre de cada nom del cicle.<\/p>\n<p><a href=\"https:\/\/photos.app.goo.gl\/RPr4L4XvYNnP5trj8\" target=\"_blank\" rel=\"noopener\">Cicle Inicial<\/a><\/p>\n<p><a href=\"https:\/\/photos.google.com\/u\/1\/share\/AF1QipNTJs-ZhyPa00G0Uj_axpAjIufWCMkxukLEuviHQcr4obdaxLmTFSTXpFaaO45zFw\" target=\"_blank\" rel=\"noopener\">Cicle Mitj\u00e0<\/a><\/p>\n<p><a href=\"https:\/\/photos.app.goo.gl\/8FLoxHJBGuS3dGf16\" target=\"_blank\" rel=\"noopener\">Cicle Superior<\/a><\/p>\n<p>&nbsp;<\/p>\n<p>&nbsp;<\/p>\n","protected":false},"excerpt":{"rendered":"<p>Dilluns 16, dimarts 17 i dimecres 18 de gener de 2023, l&#8217;alumnat de prim\u00e0ria de l&#8217;Escola La Jota ha anat al Teatre de Can Rull, Sabadell,\u00a0 per assistir a unes representacions de teatre en angl\u00e8s.<br \/>\nAbans d&#8217;anar a Sabadell, els alumnes han preparat a la seva&hellip;  <a href=\"https:\/\/agora.xtec.cat\/ceiplajota\/general\/teatre-dangles\/\" title=\"Read Teatre d&#8217;Angl\u00e8s\">Llegeix m\u00e9s\u00bb<\/a><\/p>\n","protected":false},"author":1,"featured_media":5256,"comment_status":"open","ping_status":"closed","sticky":false,"template":"","format":"standard","meta":{"_bbp_topic_count":0,"_bbp_reply_count":0,"_bbp_total_topic_count":0,"_bbp_total_reply_count":0,"_bbp_voice_count":0,"_bbp_anonymous_reply_count":0,"_bbp_topic_count_hidden":0,"_bbp_reply_count_hidden":0,"_bbp_forum_subforum_count":0,"footnotes":""},"categories":[1],"tags":[],"class_list":["post-5254","post","type-post","status-publish","format-standard","has-post-thumbnail","hentry","category-general"],"post_mailing_queue_ids":[],"_links":{"self":[{"href":"https:\/\/agora.xtec.cat\/ceiplajota\/wp-json\/wp\/v2\/posts\/5254","targetHints":{"allow":["GET"]}}],"collection":[{"href":"https:\/\/agora.xtec.cat\/ceiplajota\/wp-json\/wp\/v2\/posts"}],"about":[{"href":"https:\/\/agora.xtec.cat\/ceiplajota\/wp-json\/wp\/v2\/types\/post"}],"author":[{"embeddable":true,"href":"https:\/\/agora.xtec.cat\/ceiplajota\/wp-json\/wp\/v2\/users\/1"}],"replies":[{"embeddable":true,"href":"https:\/\/agora.xtec.cat\/ceiplajota\/wp-json\/wp\/v2\/comments?post=5254"}],"version-history":[{"count":3,"href":"https:\/\/agora.xtec.cat\/ceiplajota\/wp-json\/wp\/v2\/posts\/5254\/revisions"}],"predecessor-version":[{"id":5289,"href":"https:\/\/agora.xtec.cat\/ceiplajota\/wp-json\/wp\/v2\/posts\/5254\/revisions\/5289"}],"wp:featuredmedia":[{"embeddable":true,"href":"https:\/\/agora.xtec.cat\/ceiplajota\/wp-json\/wp\/v2\/media\/5256"}],"wp:attachment":[{"href":"https:\/\/agora.xtec.cat\/ceiplajota\/wp-json\/wp\/v2\/media?parent=5254"}],"wp:term":[{"taxonomy":"category","embeddable":true,"href":"https:\/\/agora.xtec.cat\/ceiplajota\/wp-json\/wp\/v2\/categories?post=5254"},{"taxonomy":"post_tag","embeddable":true,"href":"https:\/\/agora.xtec.cat\/ceiplajota\/wp-json\/wp\/v2\/tags?post=5254"}],"curies":[{"name":"wp","href":"https:\/\/api.w.org\/{rel}","templated":true}]}}