{"id":5247,"date":"2023-01-24T19:57:26","date_gmt":"2023-01-24T18:57:26","guid":{"rendered":"https:\/\/agora.xtec.cat\/ceiplajota\/?p=5247"},"modified":"2023-01-24T20:08:58","modified_gmt":"2023-01-24T19:08:58","slug":"racons-a-cicle-inicial","status":"publish","type":"post","link":"https:\/\/agora.xtec.cat\/ceiplajota\/general\/racons-a-cicle-inicial\/","title":{"rendered":"Racons a Cicle Inicial"},"content":{"rendered":"<p><a href=\"https:\/\/agora.xtec.cat\/ceiplajota\/wp-content\/uploads\/usu1571\/2023\/01\/1.jpg\"><img loading=\"lazy\" decoding=\"async\" class=\"wp-image-5248 aligncenter\" src=\"https:\/\/agora.xtec.cat\/ceiplajota\/wp-content\/uploads\/usu1571\/2023\/01\/1-1024x576.jpg\" alt=\"\" width=\"553\" height=\"311\" srcset=\"https:\/\/agora.xtec.cat\/ceiplajota\/wp-content\/uploads\/usu1571\/2023\/01\/1-1024x576.jpg 1024w, https:\/\/agora.xtec.cat\/ceiplajota\/wp-content\/uploads\/usu1571\/2023\/01\/1-300x169.jpg 300w, https:\/\/agora.xtec.cat\/ceiplajota\/wp-content\/uploads\/usu1571\/2023\/01\/1-768x432.jpg 768w, https:\/\/agora.xtec.cat\/ceiplajota\/wp-content\/uploads\/usu1571\/2023\/01\/1-1536x864.jpg 1536w, https:\/\/agora.xtec.cat\/ceiplajota\/wp-content\/uploads\/usu1571\/2023\/01\/1.jpg 1920w\" sizes=\"auto, (max-width: 553px) 100vw, 553px\" \/><\/a><\/p>\n<p>Aquest curs a Cicle Inicial hem incorporat una nova metodologia a les aules que s&#8217;anomena Treball per Racons. Es tracta de distribuir l&#8217;aula en espais diferenciats on a cadascun hi ha una tipus de proposta relacionada amb llengua o matem\u00e0tiques, de les quals hi ha diferents nivells de dificultat. Aquesta manera de treballar es porta a terme amb un grup redu\u00eft d&#8217;alumnes, permetent aix\u00ed un ambient de treball m\u00e9s relaxat per\u00f2 a la vegada din\u00e0mic.<\/p>\n<p>El fet que hi hagi activitats multinivell permet que cada infant pugui decidir la proposta que vol portar a terme, a m\u00e9s a m\u00e9s entre ells, es fomenta el treball cooperatiu i col\u00b7laboratiu, ja que s&#8217;ajuden i treballen de manera conjunta per aconseguir els objectius. El mestre t\u00e9 un paper d&#8217;acompanyant i observador per tal de donar suport si es presenten dificultats .<\/p>\n<p>A continuaci\u00f3 teniu el recull de fotografies on es poden veure les activitats que s&#8217;ha portat a terme.<\/p>\n<p><a href=\"https:\/\/photos.app.goo.gl\/e6KKT9CaonDX1mp68\">Recull de fotos<\/a><\/p>\n","protected":false},"excerpt":{"rendered":"<p><a href=\"https:\/\/agora.xtec.cat\/ceiplajota\/wp-content\/uploads\/usu1571\/2023\/01\/1.jpg\"><\/a><br \/>\nAquest curs a Cicle Inicial hem incorporat una nova metodologia a les aules que s&#8217;anomena Treball per Racons. Es tracta de distribuir l&#8217;aula en espais diferenciats on a cadascun hi ha una tipus de proposta relacionada amb llengua o matem\u00e0tiques, de les quals hi&hellip;  <a href=\"https:\/\/agora.xtec.cat\/ceiplajota\/general\/racons-a-cicle-inicial\/\" title=\"Read Racons a Cicle Inicial\">Llegeix m\u00e9s\u00bb<\/a><\/p>\n","protected":false},"author":34,"featured_media":5248,"comment_status":"open","ping_status":"closed","sticky":false,"template":"","format":"standard","meta":{"_bbp_topic_count":0,"_bbp_reply_count":0,"_bbp_total_topic_count":0,"_bbp_total_reply_count":0,"_bbp_voice_count":0,"_bbp_anonymous_reply_count":0,"_bbp_topic_count_hidden":0,"_bbp_reply_count_hidden":0,"_bbp_forum_subforum_count":0,"footnotes":""},"categories":[1],"tags":[],"class_list":["post-5247","post","type-post","status-publish","format-standard","has-post-thumbnail","hentry","category-general"],"post_mailing_queue_ids":[],"_links":{"self":[{"href":"https:\/\/agora.xtec.cat\/ceiplajota\/wp-json\/wp\/v2\/posts\/5247","targetHints":{"allow":["GET"]}}],"collection":[{"href":"https:\/\/agora.xtec.cat\/ceiplajota\/wp-json\/wp\/v2\/posts"}],"about":[{"href":"https:\/\/agora.xtec.cat\/ceiplajota\/wp-json\/wp\/v2\/types\/post"}],"author":[{"embeddable":true,"href":"https:\/\/agora.xtec.cat\/ceiplajota\/wp-json\/wp\/v2\/users\/34"}],"replies":[{"embeddable":true,"href":"https:\/\/agora.xtec.cat\/ceiplajota\/wp-json\/wp\/v2\/comments?post=5247"}],"version-history":[{"count":2,"href":"https:\/\/agora.xtec.cat\/ceiplajota\/wp-json\/wp\/v2\/posts\/5247\/revisions"}],"predecessor-version":[{"id":5250,"href":"https:\/\/agora.xtec.cat\/ceiplajota\/wp-json\/wp\/v2\/posts\/5247\/revisions\/5250"}],"wp:featuredmedia":[{"embeddable":true,"href":"https:\/\/agora.xtec.cat\/ceiplajota\/wp-json\/wp\/v2\/media\/5248"}],"wp:attachment":[{"href":"https:\/\/agora.xtec.cat\/ceiplajota\/wp-json\/wp\/v2\/media?parent=5247"}],"wp:term":[{"taxonomy":"category","embeddable":true,"href":"https:\/\/agora.xtec.cat\/ceiplajota\/wp-json\/wp\/v2\/categories?post=5247"},{"taxonomy":"post_tag","embeddable":true,"href":"https:\/\/agora.xtec.cat\/ceiplajota\/wp-json\/wp\/v2\/tags?post=5247"}],"curies":[{"name":"wp","href":"https:\/\/api.w.org\/{rel}","templated":true}]}}