{"id":5190,"date":"2022-12-21T08:55:07","date_gmt":"2022-12-21T07:55:07","guid":{"rendered":"https:\/\/agora.xtec.cat\/ceiplajota\/?p=5190"},"modified":"2023-01-30T14:21:14","modified_gmt":"2023-01-30T13:21:14","slug":"cicle-inicial-nadal","status":"publish","type":"post","link":"https:\/\/agora.xtec.cat\/ceiplajota\/general\/cicle-inicial-nadal\/","title":{"rendered":"NADAL A CICLE INICIAL"},"content":{"rendered":"<p><a href=\"https:\/\/agora.xtec.cat\/ceiplajota\/wp-content\/uploads\/usu1571\/2022\/12\/Green-Red-Modern-Cute-Merry-Christmas-Poster-Landscape.jpg\"><img loading=\"lazy\" decoding=\"async\" class=\"wp-image-5191 aligncenter\" src=\"https:\/\/agora.xtec.cat\/ceiplajota\/wp-content\/uploads\/usu1571\/2022\/12\/Green-Red-Modern-Cute-Merry-Christmas-Poster-Landscape-1024x724.jpg\" alt=\"\" width=\"449\" height=\"318\" srcset=\"https:\/\/agora.xtec.cat\/ceiplajota\/wp-content\/uploads\/usu1571\/2022\/12\/Green-Red-Modern-Cute-Merry-Christmas-Poster-Landscape-1024x724.jpg 1024w, https:\/\/agora.xtec.cat\/ceiplajota\/wp-content\/uploads\/usu1571\/2022\/12\/Green-Red-Modern-Cute-Merry-Christmas-Poster-Landscape-300x212.jpg 300w, https:\/\/agora.xtec.cat\/ceiplajota\/wp-content\/uploads\/usu1571\/2022\/12\/Green-Red-Modern-Cute-Merry-Christmas-Poster-Landscape-768x543.jpg 768w, https:\/\/agora.xtec.cat\/ceiplajota\/wp-content\/uploads\/usu1571\/2022\/12\/Green-Red-Modern-Cute-Merry-Christmas-Poster-Landscape-1536x1086.jpg 1536w, https:\/\/agora.xtec.cat\/ceiplajota\/wp-content\/uploads\/usu1571\/2022\/12\/Green-Red-Modern-Cute-Merry-Christmas-Poster-Landscape-2048x1448.jpg 2048w\" sizes=\"auto, (max-width: 449px) 100vw, 449px\" \/><\/a><\/p>\n<p>L&#8217;\u00faltim dia del trimestre ens visiten els Reis Mags i el Ti\u00f3, a continuaci\u00f3 teniu el recull de fotografies dels nens i nenes de 1r i 2n.<\/p>\n<p>Bones Festes!!!!!!!!!<\/p>\n<p><a href=\"https:\/\/photos.app.goo.gl\/GKEn6Yfcqdtk9dxb6\">Recull de fotos<\/a><\/p>\n","protected":false},"excerpt":{"rendered":"<p><a href=\"https:\/\/agora.xtec.cat\/ceiplajota\/wp-content\/uploads\/usu1571\/2022\/12\/Green-Red-Modern-Cute-Merry-Christmas-Poster-Landscape.jpg\"><\/a><br \/>\nL&#8217;\u00faltim dia del trimestre ens visiten els Reis Mags i el Ti\u00f3, a continuaci\u00f3 teniu el recull de fotografies dels nens i nenes de 1r i 2n.<br \/>\nBones Festes!!!!!!!!!<br \/>\n<a href=\"https:\/\/photos.app.goo.gl\/GKEn6Yfcqdtk9dxb6\">Recull de fotos<\/a><\/p>\n","protected":false},"author":34,"featured_media":5191,"comment_status":"closed","ping_status":"closed","sticky":false,"template":"","format":"standard","meta":{"_bbp_topic_count":0,"_bbp_reply_count":0,"_bbp_total_topic_count":0,"_bbp_total_reply_count":0,"_bbp_voice_count":0,"_bbp_anonymous_reply_count":0,"_bbp_topic_count_hidden":0,"_bbp_reply_count_hidden":0,"_bbp_forum_subforum_count":0,"footnotes":""},"categories":[1],"tags":[],"class_list":["post-5190","post","type-post","status-publish","format-standard","has-post-thumbnail","hentry","category-general"],"post_mailing_queue_ids":[],"_links":{"self":[{"href":"https:\/\/agora.xtec.cat\/ceiplajota\/wp-json\/wp\/v2\/posts\/5190","targetHints":{"allow":["GET"]}}],"collection":[{"href":"https:\/\/agora.xtec.cat\/ceiplajota\/wp-json\/wp\/v2\/posts"}],"about":[{"href":"https:\/\/agora.xtec.cat\/ceiplajota\/wp-json\/wp\/v2\/types\/post"}],"author":[{"embeddable":true,"href":"https:\/\/agora.xtec.cat\/ceiplajota\/wp-json\/wp\/v2\/users\/34"}],"replies":[{"embeddable":true,"href":"https:\/\/agora.xtec.cat\/ceiplajota\/wp-json\/wp\/v2\/comments?post=5190"}],"version-history":[{"count":2,"href":"https:\/\/agora.xtec.cat\/ceiplajota\/wp-json\/wp\/v2\/posts\/5190\/revisions"}],"predecessor-version":[{"id":5208,"href":"https:\/\/agora.xtec.cat\/ceiplajota\/wp-json\/wp\/v2\/posts\/5190\/revisions\/5208"}],"wp:featuredmedia":[{"embeddable":true,"href":"https:\/\/agora.xtec.cat\/ceiplajota\/wp-json\/wp\/v2\/media\/5191"}],"wp:attachment":[{"href":"https:\/\/agora.xtec.cat\/ceiplajota\/wp-json\/wp\/v2\/media?parent=5190"}],"wp:term":[{"taxonomy":"category","embeddable":true,"href":"https:\/\/agora.xtec.cat\/ceiplajota\/wp-json\/wp\/v2\/categories?post=5190"},{"taxonomy":"post_tag","embeddable":true,"href":"https:\/\/agora.xtec.cat\/ceiplajota\/wp-json\/wp\/v2\/tags?post=5190"}],"curies":[{"name":"wp","href":"https:\/\/api.w.org\/{rel}","templated":true}]}}