{"id":5176,"date":"2022-12-11T18:40:57","date_gmt":"2022-12-11T17:40:57","guid":{"rendered":"https:\/\/agora.xtec.cat\/ceiplajota\/?p=5176"},"modified":"2022-12-11T18:42:39","modified_gmt":"2022-12-11T17:42:39","slug":"arriba-el-nadal","status":"publish","type":"post","link":"https:\/\/agora.xtec.cat\/ceiplajota\/general\/arriba-el-nadal\/","title":{"rendered":"Arriba el Nadal. Anem al Mercat."},"content":{"rendered":"<p>Ja arriba el Nadal i l&#8217;alumnat de 6\u00e8 ha acompanyat als nens i a les nenes de P3 al Mercat Municipal de Badia del Vall\u00e8s. All\u00e0 han portat les decoracions nadalenques que hem fet a l&#8217;escola.<\/p>\n<p>Quan aneu a comprar al mercat, aneu mirant tamb\u00e9 enlaire a veure si reconeixeu els nom dels art\u00edstes de l&#8217;escola.<\/p>\n<p>Des de l&#8217;Escola La Jota volem desitjar molt bones festes a tots els comerciants del Mercat Municipal de Badia i a totes les persones que hi van a comprar.<\/p>\n<p><a href=\"https:\/\/photos.app.goo.gl\/24nVdqKo4aLPaXuq7\" target=\"_blank\" rel=\"noopener\">Aqu\u00ed teniu fotografies de l&#8217;activitat.<\/a><\/p>\n<p><a href=\"https:\/\/agora.xtec.cat\/ceiplajota\/wp-content\/uploads\/usu1571\/2022\/12\/Nadal.png\"><img loading=\"lazy\" decoding=\"async\" class=\"aligncenter size-full wp-image-5177\" src=\"https:\/\/agora.xtec.cat\/ceiplajota\/wp-content\/uploads\/usu1571\/2022\/12\/Nadal.png\" alt=\"\" width=\"539\" height=\"339\" srcset=\"https:\/\/agora.xtec.cat\/ceiplajota\/wp-content\/uploads\/usu1571\/2022\/12\/Nadal.png 539w, https:\/\/agora.xtec.cat\/ceiplajota\/wp-content\/uploads\/usu1571\/2022\/12\/Nadal-300x189.png 300w\" sizes=\"auto, (max-width: 539px) 100vw, 539px\" \/><\/a><\/p>\n<p>&nbsp;<\/p>\n","protected":false},"excerpt":{"rendered":"<p>Ja arriba el Nadal i l&#8217;alumnat de 6\u00e8 ha acompanyat als nens i a les nenes de P3 al Mercat Municipal de Badia del Vall\u00e8s. All\u00e0 han portat les decoracions nadalenques que hem fet a l&#8217;escola.<br \/>\nQuan aneu a comprar al mercat, aneu mirant tamb\u00e9 enlaire&hellip;  <a href=\"https:\/\/agora.xtec.cat\/ceiplajota\/general\/arriba-el-nadal\/\" title=\"Read Arriba el Nadal. Anem al Mercat.\">Llegeix m\u00e9s\u00bb<\/a><\/p>\n","protected":false},"author":1,"featured_media":5179,"comment_status":"open","ping_status":"closed","sticky":false,"template":"","format":"standard","meta":{"_bbp_topic_count":0,"_bbp_reply_count":0,"_bbp_total_topic_count":0,"_bbp_total_reply_count":0,"_bbp_voice_count":0,"_bbp_anonymous_reply_count":0,"_bbp_topic_count_hidden":0,"_bbp_reply_count_hidden":0,"_bbp_forum_subforum_count":0,"footnotes":""},"categories":[1],"tags":[],"class_list":["post-5176","post","type-post","status-publish","format-standard","has-post-thumbnail","hentry","category-general"],"post_mailing_queue_ids":[],"_links":{"self":[{"href":"https:\/\/agora.xtec.cat\/ceiplajota\/wp-json\/wp\/v2\/posts\/5176","targetHints":{"allow":["GET"]}}],"collection":[{"href":"https:\/\/agora.xtec.cat\/ceiplajota\/wp-json\/wp\/v2\/posts"}],"about":[{"href":"https:\/\/agora.xtec.cat\/ceiplajota\/wp-json\/wp\/v2\/types\/post"}],"author":[{"embeddable":true,"href":"https:\/\/agora.xtec.cat\/ceiplajota\/wp-json\/wp\/v2\/users\/1"}],"replies":[{"embeddable":true,"href":"https:\/\/agora.xtec.cat\/ceiplajota\/wp-json\/wp\/v2\/comments?post=5176"}],"version-history":[{"count":2,"href":"https:\/\/agora.xtec.cat\/ceiplajota\/wp-json\/wp\/v2\/posts\/5176\/revisions"}],"predecessor-version":[{"id":5180,"href":"https:\/\/agora.xtec.cat\/ceiplajota\/wp-json\/wp\/v2\/posts\/5176\/revisions\/5180"}],"wp:featuredmedia":[{"embeddable":true,"href":"https:\/\/agora.xtec.cat\/ceiplajota\/wp-json\/wp\/v2\/media\/5179"}],"wp:attachment":[{"href":"https:\/\/agora.xtec.cat\/ceiplajota\/wp-json\/wp\/v2\/media?parent=5176"}],"wp:term":[{"taxonomy":"category","embeddable":true,"href":"https:\/\/agora.xtec.cat\/ceiplajota\/wp-json\/wp\/v2\/categories?post=5176"},{"taxonomy":"post_tag","embeddable":true,"href":"https:\/\/agora.xtec.cat\/ceiplajota\/wp-json\/wp\/v2\/tags?post=5176"}],"curies":[{"name":"wp","href":"https:\/\/api.w.org\/{rel}","templated":true}]}}