{"id":5146,"date":"2022-11-24T11:54:10","date_gmt":"2022-11-24T10:54:10","guid":{"rendered":"https:\/\/agora.xtec.cat\/ceiplajota\/?p=5146"},"modified":"2022-11-24T11:54:59","modified_gmt":"2022-11-24T10:54:59","slug":"la-cel%c2%b7lula-a-6e","status":"publish","type":"post","link":"https:\/\/agora.xtec.cat\/ceiplajota\/general\/la-cel%c2%b7lula-a-6e\/","title":{"rendered":"LA C\u00c8L\u00b7LULA A 6\u00e8"},"content":{"rendered":"<p style=\"text-align: left;\" align=\"left\"><span style=\"font-family: Arial, sans-serif;\"><span style=\"font-size: medium;\"><span style=\"color: #333333;\">Durant aquests \u00faltims dies e<\/span><span style=\"color: #333333;\">ls alumnes de <\/span><span style=\"color: #333333;\">sis\u00e8<\/span><span style=\"color: #333333;\"> hem <\/span><span style=\"color: #333333;\">estat <\/span><span style=\"color: #333333;\">treballa<\/span><span style=\"color: #333333;\">n<\/span><span style=\"color: #333333;\">t<\/span><span style=\"color: #333333;\"> &#8220;La C\u00e8l\u00b7lula&#8221;. <\/span><span style=\"color: #333333;\">Aix\u00f2 ens ha perm\u00e8s con\u00e8ixer <\/span><span style=\"color: #333333;\">els tipus de c\u00e8l\u00b7lula que hi ha, els seus components, <\/span><span style=\"color: #333333;\">les diferents caracter\u00edstiques<\/span><span style=\"color: #333333;\"> i els \u00e9ssers vius unicel\u00b7lulars i pluricel\u00b7lulars entre d&#8217;altres aspectes.<\/span><br \/>\n<span style=\"color: #333333;\"><br \/>\n<\/span><span style=\"color: #333333;\">P<\/span><span style=\"color: #333333;\">er acabar <\/span><span style=\"color: #333333;\">amb aquest<\/span><span style=\"color: #333333;\"> projecte <\/span><span style=\"color: #333333;\">hem fet <\/span><span style=\"color: #333333;\">una maqueta d&#8217;una c\u00e8l\u00b7lula <\/span><span style=\"color: #333333;\">i<\/span><span style=\"color: #333333;\"> hem <\/span><span style=\"color: #333333;\">finalitzat<\/span><span style=\"color: #333333;\"> amb un conjunt d\u2019exposicions orals per explicar a la resta tot el que hem fet i apr\u00e9s.<\/span><\/span><\/span><\/p>\n<p><span style=\"font-family: Arial, sans-serif;\">La c\u00e8l\u00b7lula \u00e9s la unitat b\u00e0sica de la vida, sense ella no n&#8217;existir\u00edem ning\u00fa. Per aix\u00f2, hem dissenyat aquest projecte, on el resultat ha estat molt positiu i hem pogut aix\u00ed acostar-nos i con\u00e8ixer m\u00e9s sobre els \u00e9ssers vius.<\/span><\/p>\n<ul>\n<li>FES CLICK A LA IMATGE PER VISUALITZAR EL PAS A PAS DEL PROJECTE<\/li>\n<\/ul>\n<p><a href=\"https:\/\/photos.app.goo.gl\/rfXNyX6mTT5ytsnbA\"><img loading=\"lazy\" decoding=\"async\" class=\"wp-image-5148 aligncenter\" src=\"https:\/\/agora.xtec.cat\/ceiplajota\/wp-content\/uploads\/usu1571\/2022\/11\/IMG_20221110_120447-1024x766.jpg\" alt=\"\" width=\"428\" height=\"320\" srcset=\"https:\/\/agora.xtec.cat\/ceiplajota\/wp-content\/uploads\/usu1571\/2022\/11\/IMG_20221110_120447-1024x766.jpg 1024w, https:\/\/agora.xtec.cat\/ceiplajota\/wp-content\/uploads\/usu1571\/2022\/11\/IMG_20221110_120447-300x224.jpg 300w, https:\/\/agora.xtec.cat\/ceiplajota\/wp-content\/uploads\/usu1571\/2022\/11\/IMG_20221110_120447-768x574.jpg 768w, https:\/\/agora.xtec.cat\/ceiplajota\/wp-content\/uploads\/usu1571\/2022\/11\/IMG_20221110_120447-1536x1149.jpg 1536w, https:\/\/agora.xtec.cat\/ceiplajota\/wp-content\/uploads\/usu1571\/2022\/11\/IMG_20221110_120447-2048x1532.jpg 2048w, https:\/\/agora.xtec.cat\/ceiplajota\/wp-content\/uploads\/usu1571\/2022\/11\/IMG_20221110_120447-200x150.jpg 200w\" sizes=\"auto, (max-width: 428px) 100vw, 428px\" \/><\/a><\/p>\n<p>&nbsp;<\/p>\n<p>&nbsp;<\/p>\n<p>&nbsp;<\/p>\n","protected":false},"excerpt":{"rendered":"<p>Durant aquests \u00faltims dies els alumnes de sis\u00e8 hem estat treballant &#8220;La C\u00e8l\u00b7lula&#8221;. Aix\u00f2 ens ha perm\u00e8s con\u00e8ixer els tipus de c\u00e8l\u00b7lula que hi ha, els seus components, les diferents caracter\u00edstiques i els \u00e9ssers vius unicel\u00b7lulars i pluricel\u00b7lulars entre d&#8217;altres aspectes.<\/p>\n<p>Per acabar amb aquest projecte&hellip;  <a href=\"https:\/\/agora.xtec.cat\/ceiplajota\/general\/la-cel%c2%b7lula-a-6e\/\" title=\"Read LA C\u00c8L\u00b7LULA A 6\u00e8\">Llegeix m\u00e9s\u00bb<\/a><\/p>\n","protected":false},"author":3,"featured_media":5147,"comment_status":"open","ping_status":"closed","sticky":false,"template":"","format":"standard","meta":{"_bbp_topic_count":0,"_bbp_reply_count":0,"_bbp_total_topic_count":0,"_bbp_total_reply_count":0,"_bbp_voice_count":0,"_bbp_anonymous_reply_count":0,"_bbp_topic_count_hidden":0,"_bbp_reply_count_hidden":0,"_bbp_forum_subforum_count":0,"footnotes":""},"categories":[15,1,5],"tags":[],"class_list":["post-5146","post","type-post","status-publish","format-standard","has-post-thumbnail","hentry","category-6e","category-general","category-primaria"],"post_mailing_queue_ids":[],"_links":{"self":[{"href":"https:\/\/agora.xtec.cat\/ceiplajota\/wp-json\/wp\/v2\/posts\/5146","targetHints":{"allow":["GET"]}}],"collection":[{"href":"https:\/\/agora.xtec.cat\/ceiplajota\/wp-json\/wp\/v2\/posts"}],"about":[{"href":"https:\/\/agora.xtec.cat\/ceiplajota\/wp-json\/wp\/v2\/types\/post"}],"author":[{"embeddable":true,"href":"https:\/\/agora.xtec.cat\/ceiplajota\/wp-json\/wp\/v2\/users\/3"}],"replies":[{"embeddable":true,"href":"https:\/\/agora.xtec.cat\/ceiplajota\/wp-json\/wp\/v2\/comments?post=5146"}],"version-history":[{"count":3,"href":"https:\/\/agora.xtec.cat\/ceiplajota\/wp-json\/wp\/v2\/posts\/5146\/revisions"}],"predecessor-version":[{"id":5151,"href":"https:\/\/agora.xtec.cat\/ceiplajota\/wp-json\/wp\/v2\/posts\/5146\/revisions\/5151"}],"wp:featuredmedia":[{"embeddable":true,"href":"https:\/\/agora.xtec.cat\/ceiplajota\/wp-json\/wp\/v2\/media\/5147"}],"wp:attachment":[{"href":"https:\/\/agora.xtec.cat\/ceiplajota\/wp-json\/wp\/v2\/media?parent=5146"}],"wp:term":[{"taxonomy":"category","embeddable":true,"href":"https:\/\/agora.xtec.cat\/ceiplajota\/wp-json\/wp\/v2\/categories?post=5146"},{"taxonomy":"post_tag","embeddable":true,"href":"https:\/\/agora.xtec.cat\/ceiplajota\/wp-json\/wp\/v2\/tags?post=5146"}],"curies":[{"name":"wp","href":"https:\/\/api.w.org\/{rel}","templated":true}]}}