{"id":5114,"date":"2022-11-22T18:30:50","date_gmt":"2022-11-22T17:30:50","guid":{"rendered":"https:\/\/agora.xtec.cat\/ceiplajota\/?p=5114"},"modified":"2023-01-29T17:28:48","modified_gmt":"2023-01-29T16:28:48","slug":"festa-de-la-musica-2","status":"publish","type":"post","link":"https:\/\/agora.xtec.cat\/ceiplajota\/general\/festa-de-la-musica-2\/","title":{"rendered":"FESTA DE LA M\u00daSICA"},"content":{"rendered":"<p>El dia 22 de novembre celebrem a l&#8217;Escola La Jota la FESTA DE LA M\u00daSICA.<\/p>\n<p>Al llarg del mat\u00ed els nens i les nenes de l&#8217;escola, des de P3 i fins a 6\u00e8 curs, gaudiran de la m\u00fasica amb <a href=\"https:\/\/www.ciarogercanals.com\/\" target=\"_blank\" rel=\"noopener\">&#8220;Jazz per a xics&#8221;<\/a>. Aquest curs ens dediquem al jazz i, d&#8217;una forma molt divertida, descobrirem i gaudirem d&#8217;aquest tipus de m\u00fasica.<\/p>\n<p>Aquesta activitat ha estat finan\u00e7ada pel Ministeri d&#8217;Educaci\u00f3 i Formaci\u00f3 Professional i el Mecanisme de recuperaci\u00f3, transformaci\u00f3 i resili\u00e8ncia i per la Uni\u00f3 Europea NextGenerationEU dins del Programa PMOE-PROA+ del curs 2022-2023.<\/p>\n<h1 id=\"pageTitle\" class=\"ms-core-pageTitle\"><span id=\"DeltaPlaceHolderPageTitleInTitleArea\"><a href=\"https:\/\/agora.xtec.cat\/ceiplajota\/wp-content\/uploads\/usu1571\/2022\/11\/Logos-PMOE-PROA.png\"><img loading=\"lazy\" decoding=\"async\" class=\"aligncenter size-full wp-image-5252\" src=\"https:\/\/agora.xtec.cat\/ceiplajota\/wp-content\/uploads\/usu1571\/2022\/11\/Logos-PMOE-PROA.png\" alt=\"\" width=\"1214\" height=\"153\" srcset=\"https:\/\/agora.xtec.cat\/ceiplajota\/wp-content\/uploads\/usu1571\/2022\/11\/Logos-PMOE-PROA.png 1214w, https:\/\/agora.xtec.cat\/ceiplajota\/wp-content\/uploads\/usu1571\/2022\/11\/Logos-PMOE-PROA-300x38.png 300w, https:\/\/agora.xtec.cat\/ceiplajota\/wp-content\/uploads\/usu1571\/2022\/11\/Logos-PMOE-PROA-1024x129.png 1024w, https:\/\/agora.xtec.cat\/ceiplajota\/wp-content\/uploads\/usu1571\/2022\/11\/Logos-PMOE-PROA-768x97.png 768w\" sizes=\"auto, (max-width: 1214px) 100vw, 1214px\" \/><\/a><\/span><\/h1>\n<p>Si voleu veure les fotografies del mat\u00ed, cliqueu a sobre de cada cicle:<\/p>\n<ul>\n<li><a href=\"https:\/\/photos.google.com\/share\/AF1QipP-q6jATwqo8TUV5Hm9-9Est03v1af2ywUUn2cB7GFk0xEK4Yuo8QAewS4x-OxIAQ?key=RXlzVWtkU1dWSks1T2FSU2dtYjFvV2lBWG1paFRR\" target=\"_blank\" rel=\"noopener\">Educaci\u00f3 Infantil (i3,i4,i5)<\/a><\/li>\n<li><a href=\"https:\/\/photos.google.com\/share\/AF1QipPprDUy-tMCmBIsGEPP2W-Jq922NGDH706WKa81hiPmz4TtEtSxakSFWgsRTdyeug?key=S1NZdzBMSC1scUNfcklYY3pkaExicHZtNVVCeWZB\" target=\"_blank\" rel=\"noopener\">Cicle Inicial (1r i 2n)<\/a><\/li>\n<li><a href=\"https:\/\/photos.google.com\/share\/AF1QipOrYB1cahJSqKGEy1W8ODdyBZA6jYIDAw3xpqpzp-pMZhXUgaY-j2Uo1sxh4FvjTg?key=anN5VGlhQWV6a1MxeVBENjhiaFFtdDE5SjlqSHpR\" target=\"_blank\" rel=\"noopener\">Cicle Mitj\u00e0 (3r i 4t)<\/a><\/li>\n<li><a href=\"https:\/\/photos.app.goo.gl\/7S7UzV9Dwn5U6SGu5\" target=\"_blank\" rel=\"noopener\">Cicle Superior (5\u00e8 i 6\u00e8)<\/a><\/li>\n<\/ul>\n<p>Que tingueu un molt bon DIA DE LA M\u00daSICA!!!<\/p>\n<p><a href=\"https:\/\/agora.xtec.cat\/ceiplajota\/wp-content\/uploads\/usu1571\/2022\/11\/Festa-musica-2.png\"><img loading=\"lazy\" decoding=\"async\" class=\"aligncenter size-thumbnail wp-image-5117\" src=\"https:\/\/agora.xtec.cat\/ceiplajota\/wp-content\/uploads\/usu1571\/2022\/11\/Festa-musica-2-150x150.png\" alt=\"\" width=\"150\" height=\"150\" \/><\/a><\/p>\n","protected":false},"excerpt":{"rendered":"<p>El dia 22 de novembre celebrem a l&#8217;Escola La Jota la FESTA DE LA M\u00daSICA.<br \/>\nAl llarg del mat\u00ed els nens i les nenes de l&#8217;escola, des de P3 i fins a 6\u00e8 curs, gaudiran de la m\u00fasica amb <a href=\"https:\/\/www.ciarogercanals.com\/\" target=\"_blank\" rel=\"noopener\">&#8220;Jazz per a xics&#8221;<\/a>.&hellip;  <a href=\"https:\/\/agora.xtec.cat\/ceiplajota\/general\/festa-de-la-musica-2\/\" title=\"Read FESTA DE LA M\u00daSICA\">Llegeix m\u00e9s\u00bb<\/a><\/p>\n","protected":false},"author":1,"featured_media":5115,"comment_status":"open","ping_status":"closed","sticky":false,"template":"","format":"standard","meta":{"_bbp_topic_count":0,"_bbp_reply_count":0,"_bbp_total_topic_count":0,"_bbp_total_reply_count":0,"_bbp_voice_count":0,"_bbp_anonymous_reply_count":0,"_bbp_topic_count_hidden":0,"_bbp_reply_count_hidden":0,"_bbp_forum_subforum_count":0,"footnotes":""},"categories":[1],"tags":[],"class_list":["post-5114","post","type-post","status-publish","format-standard","has-post-thumbnail","hentry","category-general"],"post_mailing_queue_ids":[],"_links":{"self":[{"href":"https:\/\/agora.xtec.cat\/ceiplajota\/wp-json\/wp\/v2\/posts\/5114","targetHints":{"allow":["GET"]}}],"collection":[{"href":"https:\/\/agora.xtec.cat\/ceiplajota\/wp-json\/wp\/v2\/posts"}],"about":[{"href":"https:\/\/agora.xtec.cat\/ceiplajota\/wp-json\/wp\/v2\/types\/post"}],"author":[{"embeddable":true,"href":"https:\/\/agora.xtec.cat\/ceiplajota\/wp-json\/wp\/v2\/users\/1"}],"replies":[{"embeddable":true,"href":"https:\/\/agora.xtec.cat\/ceiplajota\/wp-json\/wp\/v2\/comments?post=5114"}],"version-history":[{"count":3,"href":"https:\/\/agora.xtec.cat\/ceiplajota\/wp-json\/wp\/v2\/posts\/5114\/revisions"}],"predecessor-version":[{"id":5253,"href":"https:\/\/agora.xtec.cat\/ceiplajota\/wp-json\/wp\/v2\/posts\/5114\/revisions\/5253"}],"wp:featuredmedia":[{"embeddable":true,"href":"https:\/\/agora.xtec.cat\/ceiplajota\/wp-json\/wp\/v2\/media\/5115"}],"wp:attachment":[{"href":"https:\/\/agora.xtec.cat\/ceiplajota\/wp-json\/wp\/v2\/media?parent=5114"}],"wp:term":[{"taxonomy":"category","embeddable":true,"href":"https:\/\/agora.xtec.cat\/ceiplajota\/wp-json\/wp\/v2\/categories?post=5114"},{"taxonomy":"post_tag","embeddable":true,"href":"https:\/\/agora.xtec.cat\/ceiplajota\/wp-json\/wp\/v2\/tags?post=5114"}],"curies":[{"name":"wp","href":"https:\/\/api.w.org\/{rel}","templated":true}]}}