{"id":5100,"date":"2022-11-17T07:55:05","date_gmt":"2022-11-17T06:55:05","guid":{"rendered":"https:\/\/agora.xtec.cat\/ceiplajota\/?p=5100"},"modified":"2022-11-17T07:55:05","modified_gmt":"2022-11-17T06:55:05","slug":"projecte-de-la-fotosintesi-5e","status":"publish","type":"post","link":"https:\/\/agora.xtec.cat\/ceiplajota\/general\/projecte-de-la-fotosintesi-5e\/","title":{"rendered":"PROJECTE DE LA FOTOS\u00cdNTESI 5\u00e8"},"content":{"rendered":"<p>A principis d&#8217;octubre, durant tres dies, de manera intensiva, els i les alumnes de 5\u00e8 vam realitzar el projecte sobre la fotos\u00edntesi. L&#8217;objectiu va ser construir una maqueta que ens ajud\u00e9s a explicar el proc\u00e9s de la fotos\u00edntesi als nostres companys i companyes i a unes altres classes. Un cop acabades les maquetes vam preparar l&#8217;exposici\u00f3 oral, la vam practicar i finalment vam fer l&#8217;exposici\u00f3 a les aules de tercer. El resultat va ser molt satisfactori i vam poder aprendre com funciona tot el proc\u00e9s de la fotos\u00edntesi d&#8217;una manera divertida i motivadora.<\/p>\n<p>SI VOLEU PODEU MIRAR EL V\u00cdDEO PER SABER COM FUNCIONA EL PROC\u00c9S DE LES PLANTES DE LA FOTOS\u00cdNTESI<\/p>\n<p><iframe loading=\"lazy\" src=\"\/\/www.youtube.com\/embed\/mtGgo68VM54\" width=\"560\" height=\"314\"><\/iframe><\/p>\n<p>FEU CLIC A L&#8217;IMATGE PER VEURE LES FOTOGRAFIES.<\/p>\n<p><a href=\"https:\/\/photos.app.goo.gl\/PRiEKD2LaQzmQieV7\"><img loading=\"lazy\" decoding=\"async\" class=\"alignnone wp-image-5101 \" src=\"https:\/\/agora.xtec.cat\/ceiplajota\/wp-content\/uploads\/usu1571\/2022\/11\/CapturaZ-300x103.jpg\" alt=\"\" width=\"414\" height=\"142\" srcset=\"https:\/\/agora.xtec.cat\/ceiplajota\/wp-content\/uploads\/usu1571\/2022\/11\/CapturaZ-300x103.jpg 300w, https:\/\/agora.xtec.cat\/ceiplajota\/wp-content\/uploads\/usu1571\/2022\/11\/CapturaZ-1024x351.jpg 1024w, https:\/\/agora.xtec.cat\/ceiplajota\/wp-content\/uploads\/usu1571\/2022\/11\/CapturaZ-768x263.jpg 768w, https:\/\/agora.xtec.cat\/ceiplajota\/wp-content\/uploads\/usu1571\/2022\/11\/CapturaZ.jpg 1228w\" sizes=\"auto, (max-width: 414px) 100vw, 414px\" \/><\/a><\/p>\n","protected":false},"excerpt":{"rendered":"<p>A principis d&#8217;octubre, durant tres dies, de manera intensiva, els i les alumnes de 5\u00e8 vam realitzar el projecte sobre la fotos\u00edntesi.&hellip;  <a href=\"https:\/\/agora.xtec.cat\/ceiplajota\/general\/projecte-de-la-fotosintesi-5e\/\" title=\"Read PROJECTE DE LA FOTOS\u00cdNTESI 5\u00e8\">Llegeix m\u00e9s\u00bb<\/a><\/p>\n","protected":false},"author":3,"featured_media":5101,"comment_status":"open","ping_status":"closed","sticky":false,"template":"","format":"standard","meta":{"_bbp_topic_count":0,"_bbp_reply_count":0,"_bbp_total_topic_count":0,"_bbp_total_reply_count":0,"_bbp_voice_count":0,"_bbp_anonymous_reply_count":0,"_bbp_topic_count_hidden":0,"_bbp_reply_count_hidden":0,"_bbp_forum_subforum_count":0,"footnotes":""},"categories":[14,1],"tags":[],"class_list":["post-5100","post","type-post","status-publish","format-standard","has-post-thumbnail","hentry","category-5e","category-general"],"post_mailing_queue_ids":[],"_links":{"self":[{"href":"https:\/\/agora.xtec.cat\/ceiplajota\/wp-json\/wp\/v2\/posts\/5100","targetHints":{"allow":["GET"]}}],"collection":[{"href":"https:\/\/agora.xtec.cat\/ceiplajota\/wp-json\/wp\/v2\/posts"}],"about":[{"href":"https:\/\/agora.xtec.cat\/ceiplajota\/wp-json\/wp\/v2\/types\/post"}],"author":[{"embeddable":true,"href":"https:\/\/agora.xtec.cat\/ceiplajota\/wp-json\/wp\/v2\/users\/3"}],"replies":[{"embeddable":true,"href":"https:\/\/agora.xtec.cat\/ceiplajota\/wp-json\/wp\/v2\/comments?post=5100"}],"version-history":[{"count":4,"href":"https:\/\/agora.xtec.cat\/ceiplajota\/wp-json\/wp\/v2\/posts\/5100\/revisions"}],"predecessor-version":[{"id":5109,"href":"https:\/\/agora.xtec.cat\/ceiplajota\/wp-json\/wp\/v2\/posts\/5100\/revisions\/5109"}],"wp:featuredmedia":[{"embeddable":true,"href":"https:\/\/agora.xtec.cat\/ceiplajota\/wp-json\/wp\/v2\/media\/5101"}],"wp:attachment":[{"href":"https:\/\/agora.xtec.cat\/ceiplajota\/wp-json\/wp\/v2\/media?parent=5100"}],"wp:term":[{"taxonomy":"category","embeddable":true,"href":"https:\/\/agora.xtec.cat\/ceiplajota\/wp-json\/wp\/v2\/categories?post=5100"},{"taxonomy":"post_tag","embeddable":true,"href":"https:\/\/agora.xtec.cat\/ceiplajota\/wp-json\/wp\/v2\/tags?post=5100"}],"curies":[{"name":"wp","href":"https:\/\/api.w.org\/{rel}","templated":true}]}}