{"id":5098,"date":"2022-11-16T22:06:32","date_gmt":"2022-11-16T21:06:32","guid":{"rendered":"https:\/\/agora.xtec.cat\/ceiplajota\/?p=5098"},"modified":"2022-11-16T22:06:32","modified_gmt":"2022-11-16T21:06:32","slug":"parla-i-juga-amb-mi-2","status":"publish","type":"post","link":"https:\/\/agora.xtec.cat\/ceiplajota\/general\/parla-i-juga-amb-mi-2\/","title":{"rendered":"Parla i juga amb mi"},"content":{"rendered":"<p>&nbsp;<\/p>\n<p><a href=\"https:\/\/agora.xtec.cat\/ceiplajota\/wp-content\/uploads\/usu1571\/2022\/11\/Purple-Fun-Super-Heroes-Modal-Verbs-Presentation.jpg\"><img loading=\"lazy\" decoding=\"async\" class=\"wp-image-5106 aligncenter\" src=\"https:\/\/agora.xtec.cat\/ceiplajota\/wp-content\/uploads\/usu1571\/2022\/11\/Purple-Fun-Super-Heroes-Modal-Verbs-Presentation-1024x576.jpg\" alt=\"\" width=\"464\" height=\"261\" srcset=\"https:\/\/agora.xtec.cat\/ceiplajota\/wp-content\/uploads\/usu1571\/2022\/11\/Purple-Fun-Super-Heroes-Modal-Verbs-Presentation-1024x576.jpg 1024w, https:\/\/agora.xtec.cat\/ceiplajota\/wp-content\/uploads\/usu1571\/2022\/11\/Purple-Fun-Super-Heroes-Modal-Verbs-Presentation-300x169.jpg 300w, https:\/\/agora.xtec.cat\/ceiplajota\/wp-content\/uploads\/usu1571\/2022\/11\/Purple-Fun-Super-Heroes-Modal-Verbs-Presentation-768x432.jpg 768w, https:\/\/agora.xtec.cat\/ceiplajota\/wp-content\/uploads\/usu1571\/2022\/11\/Purple-Fun-Super-Heroes-Modal-Verbs-Presentation-1536x864.jpg 1536w, https:\/\/agora.xtec.cat\/ceiplajota\/wp-content\/uploads\/usu1571\/2022\/11\/Purple-Fun-Super-Heroes-Modal-Verbs-Presentation.jpg 1920w\" sizes=\"auto, (max-width: 464px) 100vw, 464px\" \/><\/a><\/p>\n<p>A l&#8217;octubre es va dur a terme la xerrada Parla i juga amb mi, dirigida sobretot a les fam\u00edlies dels infants d\u2019Educaci\u00f3 Infantil. En aquesta xerrada, encap\u00e7alada per la No\u00e8lia, psicopedagoga de l\u2019EAP,\u00a0 i acompanyada d\u2019altres mestres de l\u2019escola,\u00a0 es va parlar sobre diversos aspectes relacionats amb el llenguatge, la comunicaci\u00f3 i l\u2019expressi\u00f3. La intenci\u00f3 de la xerrada \u00e9s conscienciar a les fam\u00edlies i en conseq\u00fc\u00e8ncia als infants, sobre la import\u00e0ncia d\u2019utilitzar qualsevol situaci\u00f3 quotidiana o activitat per refor\u00e7ar la parla dels infants. Perqu\u00e8 a poc a poc vagin adquirint vocabulari, s\u2019expressin, es vulguin comunicar, facin demandes, en definitiva, interaccionar amb l\u2019entorn que els envolta.<\/p>\n<p>A vegades, les preses del dia a dia dificulten poder estar atents a situacions que es donen, per aix\u00f2 cal parar i fer-se conscient que qualsevol moment pot ser bo per comunicar-se amb els infants.<\/p>\n<p>A la xerrada es van mostrar exemples d\u2019activitats que es porten a terme a l\u2019escola i altres idees per treballar a casa.<\/p>\n<p>A continuaci\u00f3 teniu la presentaci\u00f3 on podreu veure els exemples.<\/p>\n<p>Presentaci\u00f3 amb les activitats: <a href=\"https:\/\/agora.xtec.cat\/ceiplajota\/wp-content\/uploads\/usu1571\/2022\/11\/parlaijugaambmi.pdf\">parlaijugaambmi<\/a><\/p>\n","protected":false},"excerpt":{"rendered":"<p>&nbsp;<br \/>\n<a href=\"https:\/\/agora.xtec.cat\/ceiplajota\/wp-content\/uploads\/usu1571\/2022\/11\/Purple-Fun-Super-Heroes-Modal-Verbs-Presentation.jpg\"><\/a><br \/>\nA l&#8217;octubre es va dur a terme la xerrada Parla i juga amb mi, dirigida sobretot a les fam\u00edlies dels infants d\u2019Educaci\u00f3 Infantil. En aquesta xerrada, encap\u00e7alada per la No\u00e8lia, psicopedagoga de l\u2019EAP,\u00a0 i acompanyada d\u2019altres mestres de l\u2019escola,\u00a0 es va parlar sobre diversos&hellip;  <a href=\"https:\/\/agora.xtec.cat\/ceiplajota\/general\/parla-i-juga-amb-mi-2\/\" title=\"Read Parla i juga amb mi\">Llegeix m\u00e9s\u00bb<\/a><\/p>\n","protected":false},"author":34,"featured_media":5106,"comment_status":"open","ping_status":"closed","sticky":false,"template":"","format":"standard","meta":{"_bbp_topic_count":0,"_bbp_reply_count":0,"_bbp_total_topic_count":0,"_bbp_total_reply_count":0,"_bbp_voice_count":0,"_bbp_anonymous_reply_count":0,"_bbp_topic_count_hidden":0,"_bbp_reply_count_hidden":0,"_bbp_forum_subforum_count":0,"footnotes":""},"categories":[1],"tags":[],"class_list":["post-5098","post","type-post","status-publish","format-standard","has-post-thumbnail","hentry","category-general"],"post_mailing_queue_ids":[],"_links":{"self":[{"href":"https:\/\/agora.xtec.cat\/ceiplajota\/wp-json\/wp\/v2\/posts\/5098","targetHints":{"allow":["GET"]}}],"collection":[{"href":"https:\/\/agora.xtec.cat\/ceiplajota\/wp-json\/wp\/v2\/posts"}],"about":[{"href":"https:\/\/agora.xtec.cat\/ceiplajota\/wp-json\/wp\/v2\/types\/post"}],"author":[{"embeddable":true,"href":"https:\/\/agora.xtec.cat\/ceiplajota\/wp-json\/wp\/v2\/users\/34"}],"replies":[{"embeddable":true,"href":"https:\/\/agora.xtec.cat\/ceiplajota\/wp-json\/wp\/v2\/comments?post=5098"}],"version-history":[{"count":2,"href":"https:\/\/agora.xtec.cat\/ceiplajota\/wp-json\/wp\/v2\/posts\/5098\/revisions"}],"predecessor-version":[{"id":5107,"href":"https:\/\/agora.xtec.cat\/ceiplajota\/wp-json\/wp\/v2\/posts\/5098\/revisions\/5107"}],"wp:featuredmedia":[{"embeddable":true,"href":"https:\/\/agora.xtec.cat\/ceiplajota\/wp-json\/wp\/v2\/media\/5106"}],"wp:attachment":[{"href":"https:\/\/agora.xtec.cat\/ceiplajota\/wp-json\/wp\/v2\/media?parent=5098"}],"wp:term":[{"taxonomy":"category","embeddable":true,"href":"https:\/\/agora.xtec.cat\/ceiplajota\/wp-json\/wp\/v2\/categories?post=5098"},{"taxonomy":"post_tag","embeddable":true,"href":"https:\/\/agora.xtec.cat\/ceiplajota\/wp-json\/wp\/v2\/tags?post=5098"}],"curies":[{"name":"wp","href":"https:\/\/api.w.org\/{rel}","templated":true}]}}