{"id":5069,"date":"2022-11-01T05:29:43","date_gmt":"2022-11-01T04:29:43","guid":{"rendered":"https:\/\/agora.xtec.cat\/ceiplajota\/?p=5069"},"modified":"2022-11-02T12:48:42","modified_gmt":"2022-11-02T11:48:42","slug":"castanyada-2022","status":"publish","type":"post","link":"https:\/\/agora.xtec.cat\/ceiplajota\/general\/castanyada-2022\/","title":{"rendered":"CASTANYADA 2022"},"content":{"rendered":"<p>Aquest curs tamb\u00e9 hem celebrat La Castanyada, una de les festes escolars m\u00e9s participatives.<\/p>\n<p>Aqu\u00ed en teniu una mostra:<\/p>\n<ul>\n<li><a href=\"https:\/\/photos.app.goo.gl\/ViBQ4guQbVAzQrGT7\" target=\"_blank\" rel=\"noopener\">MOSTRA DE CASTANYES, MONIATOS i CARABASSES DISFRESSATS.<\/a> Fam\u00edlies, moltes gr\u00e0cies per la gran participaci\u00f3. Tenim una gran colla d&#8217;art\u00edstes!!!<\/li>\n<li>Visita de LA CASTANYERA. L&#8217;AMPA torra castanyes al pati de l&#8217;escola, Qu\u00e8 bones estan!!! Cada cicle organitza les activitats del dia: jocs, fer manualitats, cantar, ballar, mirar pel\u00b7l\u00edcules de por tot menjant crispetes &#8230;\n<ul>\n<li style=\"list-style-type: none;\">\n<ul>\n<li><a href=\"https:\/\/photos.app.goo.gl\/QN5R3FR26mADE3LZ6\" target=\"_blank\" rel=\"noopener\">EDUCACI\u00d3 INFANTIL : i3 (P3), i4 (P4) i i5 (P5).<\/a><\/li>\n<li><a href=\"https:\/\/photos.app.goo.gl\/RbYtXEZnYG19WzsE9\" target=\"_blank\" rel=\"noopener\">CICLE INICIAL : 1r i 2n\u00a0<\/a><\/li>\n<li><a href=\"https:\/\/photos.app.goo.gl\/5iPvbXuRwdtiPPXL6\" target=\"_blank\" rel=\"noopener\">CICLE MITJ\u00c0 : 3r i 4t<\/a><\/li>\n<li><a href=\"https:\/\/photos.app.goo.gl\/Braq2zZaEq41S7Ba6\" target=\"_blank\" rel=\"noopener\">CICLE SUPERIOR : 5\u00e8 i 6\u00e8<\/a><\/li>\n<\/ul>\n<\/li>\n<\/ul>\n<\/li>\n<li>El T\u00daNEL DEL TERROR que l&#8217;AMPA organitza. Cada curs fa m\u00e9s por!!! Aquest cop, les fam\u00edlies de l&#8217;escola, ex alumnes i qui hagi tingut ganes de passar molta por, ha pogut entrar-hi a partir de les 16:30h. Voldr\u00e0s entrar el proper curs? Prepara&#8217;t.<\/li>\n<\/ul>\n<p><a href=\"https:\/\/agora.xtec.cat\/ceiplajota\/wp-content\/uploads\/usu1571\/2022\/10\/La-castanyada-imatge-2.png\"><img loading=\"lazy\" decoding=\"async\" class=\"aligncenter size-full wp-image-5048\" src=\"https:\/\/agora.xtec.cat\/ceiplajota\/wp-content\/uploads\/usu1571\/2022\/10\/La-castanyada-imatge-2.png\" alt=\"\" width=\"541\" height=\"216\" srcset=\"https:\/\/agora.xtec.cat\/ceiplajota\/wp-content\/uploads\/usu1571\/2022\/10\/La-castanyada-imatge-2.png 541w, https:\/\/agora.xtec.cat\/ceiplajota\/wp-content\/uploads\/usu1571\/2022\/10\/La-castanyada-imatge-2-300x120.png 300w\" sizes=\"auto, (max-width: 541px) 100vw, 541px\" \/><\/a><\/p>\n","protected":false},"excerpt":{"rendered":"<p>Aquest curs tamb\u00e9 hem celebrat La Castanyada, una de les festes escolars m\u00e9s participatives.<br \/>\nAqu\u00ed en teniu una mostra:<\/p>\n<ul>\n<li><a href=\"https:\/\/photos.app.goo.gl\/ViBQ4guQbVAzQrGT7\" target=\"_blank\" rel=\"noopener\">MOSTRA DE CASTANYES, MONIATOS i CARABASSES DISFRESSATS.<\/a> Fam\u00edlies, moltes gr\u00e0cies per la gran participaci\u00f3. Tenim una gran colla d&#8217;art\u00edstes!!!<\/li>\n<li>Visita de LA CASTANYERA. L&#8217;AMPA torra castanyes&hellip;  <a href=\"https:\/\/agora.xtec.cat\/ceiplajota\/general\/castanyada-2022\/\" title=\"Read CASTANYADA 2022\">Llegeix m\u00e9s\u00bb<\/a><br \/>\n","protected":false},"author":1,"featured_media":5046,"comment_status":"open","ping_status":"closed","sticky":false,"template":"","format":"standard","meta":{"_bbp_topic_count":0,"_bbp_reply_count":0,"_bbp_total_topic_count":0,"_bbp_total_reply_count":0,"_bbp_voice_count":0,"_bbp_anonymous_reply_count":0,"_bbp_topic_count_hidden":0,"_bbp_reply_count_hidden":0,"_bbp_forum_subforum_count":0,"footnotes":""},"categories":[1],"tags":[],"class_list":["post-5069","post","type-post","status-publish","format-standard","has-post-thumbnail","hentry","category-general"],"post_mailing_queue_ids":[],"_links":{"self":[{"href":"https:\/\/agora.xtec.cat\/ceiplajota\/wp-json\/wp\/v2\/posts\/5069","targetHints":{"allow":["GET"]}}],"collection":[{"href":"https:\/\/agora.xtec.cat\/ceiplajota\/wp-json\/wp\/v2\/posts"}],"about":[{"href":"https:\/\/agora.xtec.cat\/ceiplajota\/wp-json\/wp\/v2\/types\/post"}],"author":[{"embeddable":true,"href":"https:\/\/agora.xtec.cat\/ceiplajota\/wp-json\/wp\/v2\/users\/1"}],"replies":[{"embeddable":true,"href":"https:\/\/agora.xtec.cat\/ceiplajota\/wp-json\/wp\/v2\/comments?post=5069"}],"version-history":[{"count":3,"href":"https:\/\/agora.xtec.cat\/ceiplajota\/wp-json\/wp\/v2\/posts\/5069\/revisions"}],"predecessor-version":[{"id":5090,"href":"https:\/\/agora.xtec.cat\/ceiplajota\/wp-json\/wp\/v2\/posts\/5069\/revisions\/5090"}],"wp:featuredmedia":[{"embeddable":true,"href":"https:\/\/agora.xtec.cat\/ceiplajota\/wp-json\/wp\/v2\/media\/5046"}],"wp:attachment":[{"href":"https:\/\/agora.xtec.cat\/ceiplajota\/wp-json\/wp\/v2\/media?parent=5069"}],"wp:term":[{"taxonomy":"category","embeddable":true,"href":"https:\/\/agora.xtec.cat\/ceiplajota\/wp-json\/wp\/v2\/categories?post=5069"},{"taxonomy":"post_tag","embeddable":true,"href":"https:\/\/agora.xtec.cat\/ceiplajota\/wp-json\/wp\/v2\/tags?post=5069"}],"curies":[{"name":"wp","href":"https:\/\/api.w.org\/{rel}","templated":true}]}}