{"id":5034,"date":"2022-10-17T13:21:52","date_gmt":"2022-10-17T11:21:52","guid":{"rendered":"https:\/\/agora.xtec.cat\/ceiplajota\/?p=5034"},"modified":"2022-10-17T13:25:52","modified_gmt":"2022-10-17T11:25:52","slug":"taller-neurones-mirall","status":"publish","type":"post","link":"https:\/\/agora.xtec.cat\/ceiplajota\/general\/taller-neurones-mirall\/","title":{"rendered":"Taller Neurones Mirall"},"content":{"rendered":"<p>Durant la setmana passada els alumnes de Cicle Superior vam gaudir del \u201cTaller neurones mirall\u201d. All\u00e0 ens explicaren que aquest tipus de neurones son les responsables de l&#8217;aprenentatge inconscient, per repetici\u00f3 o reproducci\u00f3 d&#8217;esquemes i patrons. A trav\u00e9s d\u2019elles arribarem a l\u2019empatia i la import\u00e0ncia que ha de tenir en el nostre dia a dia. Ho passarem for\u00e7a b\u00e9!!.<\/p>\n<p style=\"text-align: center;\"><a href=\"https:\/\/photos.app.goo.gl\/AThtUs9FB1AUSFHSA\"><img loading=\"lazy\" decoding=\"async\" class=\"wp-image-5035 aligncenter\" src=\"https:\/\/agora.xtec.cat\/ceiplajota\/wp-content\/uploads\/usu1571\/2022\/10\/IMG_20221004_152245-1024x766.jpg\" alt=\"\" width=\"342\" height=\"256\" srcset=\"https:\/\/agora.xtec.cat\/ceiplajota\/wp-content\/uploads\/usu1571\/2022\/10\/IMG_20221004_152245-1024x766.jpg 1024w, https:\/\/agora.xtec.cat\/ceiplajota\/wp-content\/uploads\/usu1571\/2022\/10\/IMG_20221004_152245-300x224.jpg 300w, https:\/\/agora.xtec.cat\/ceiplajota\/wp-content\/uploads\/usu1571\/2022\/10\/IMG_20221004_152245-768x574.jpg 768w, https:\/\/agora.xtec.cat\/ceiplajota\/wp-content\/uploads\/usu1571\/2022\/10\/IMG_20221004_152245-1536x1149.jpg 1536w, https:\/\/agora.xtec.cat\/ceiplajota\/wp-content\/uploads\/usu1571\/2022\/10\/IMG_20221004_152245-2048x1532.jpg 2048w, https:\/\/agora.xtec.cat\/ceiplajota\/wp-content\/uploads\/usu1571\/2022\/10\/IMG_20221004_152245-200x150.jpg 200w\" sizes=\"auto, (max-width: 342px) 100vw, 342px\" \/><\/a><strong>Feu clic a la imatge per visualitzar les fotos<\/strong><\/p>\n<p>&nbsp;<\/p>\n","protected":false},"excerpt":{"rendered":"<p>Durant la setmana passada els alumnes de Cicle Superior vam gaudir del \u201cTaller neurones mirall\u201d. All\u00e0 ens explicaren que aquest tipus de neurones son les responsables de l&#8217;aprenentatge inconscient, per repetici\u00f3 o reproducci\u00f3 d&#8217;esquemes i patrons. A trav\u00e9s d\u2019elles arribarem a l\u2019empatia i la import\u00e0ncia&hellip;  <a href=\"https:\/\/agora.xtec.cat\/ceiplajota\/general\/taller-neurones-mirall\/\" title=\"Read Taller Neurones Mirall\">Llegeix m\u00e9s\u00bb<\/a><\/p>\n","protected":false},"author":3,"featured_media":5037,"comment_status":"open","ping_status":"closed","sticky":false,"template":"","format":"standard","meta":{"_bbp_topic_count":0,"_bbp_reply_count":0,"_bbp_total_topic_count":0,"_bbp_total_reply_count":0,"_bbp_voice_count":0,"_bbp_anonymous_reply_count":0,"_bbp_topic_count_hidden":0,"_bbp_reply_count_hidden":0,"_bbp_forum_subforum_count":0,"footnotes":""},"categories":[14,15,1,5],"tags":[],"class_list":["post-5034","post","type-post","status-publish","format-standard","has-post-thumbnail","hentry","category-5e","category-6e","category-general","category-primaria"],"post_mailing_queue_ids":[],"_links":{"self":[{"href":"https:\/\/agora.xtec.cat\/ceiplajota\/wp-json\/wp\/v2\/posts\/5034","targetHints":{"allow":["GET"]}}],"collection":[{"href":"https:\/\/agora.xtec.cat\/ceiplajota\/wp-json\/wp\/v2\/posts"}],"about":[{"href":"https:\/\/agora.xtec.cat\/ceiplajota\/wp-json\/wp\/v2\/types\/post"}],"author":[{"embeddable":true,"href":"https:\/\/agora.xtec.cat\/ceiplajota\/wp-json\/wp\/v2\/users\/3"}],"replies":[{"embeddable":true,"href":"https:\/\/agora.xtec.cat\/ceiplajota\/wp-json\/wp\/v2\/comments?post=5034"}],"version-history":[{"count":2,"href":"https:\/\/agora.xtec.cat\/ceiplajota\/wp-json\/wp\/v2\/posts\/5034\/revisions"}],"predecessor-version":[{"id":5039,"href":"https:\/\/agora.xtec.cat\/ceiplajota\/wp-json\/wp\/v2\/posts\/5034\/revisions\/5039"}],"wp:featuredmedia":[{"embeddable":true,"href":"https:\/\/agora.xtec.cat\/ceiplajota\/wp-json\/wp\/v2\/media\/5037"}],"wp:attachment":[{"href":"https:\/\/agora.xtec.cat\/ceiplajota\/wp-json\/wp\/v2\/media?parent=5034"}],"wp:term":[{"taxonomy":"category","embeddable":true,"href":"https:\/\/agora.xtec.cat\/ceiplajota\/wp-json\/wp\/v2\/categories?post=5034"},{"taxonomy":"post_tag","embeddable":true,"href":"https:\/\/agora.xtec.cat\/ceiplajota\/wp-json\/wp\/v2\/tags?post=5034"}],"curies":[{"name":"wp","href":"https:\/\/api.w.org\/{rel}","templated":true}]}}