{"id":5031,"date":"2022-10-19T13:18:48","date_gmt":"2022-10-19T11:18:48","guid":{"rendered":"https:\/\/agora.xtec.cat\/ceiplajota\/?p=5031"},"modified":"2022-10-19T13:18:48","modified_gmt":"2022-10-19T11:18:48","slug":"mas-fabrera","status":"publish","type":"post","link":"https:\/\/agora.xtec.cat\/ceiplajota\/general\/mas-fabrera\/","title":{"rendered":"MAS FABRERA"},"content":{"rendered":"<p>Dilluns 10 d\u2019octubre i 17 d&#8217;octubre els nens i les nenes de I4 i I5 de l&#8217;escola la Jota vam anar d\u2019excursi\u00f3 a l&#8217;Ametlla del Vall\u00e8s, concretament a Mas Fabrera.<br \/>\nEns ho vam passar d\u2019all\u00f2 m\u00e9s b\u00e9!<br \/>\nAll\u00e0 vam gaudir molt de l\u2019espai i vam jugar, tamb\u00e9 hi havia 2 tallers programats per fer:<img decoding=\"async\" class=\"n3VNCb KAlRDb alignright\" src=\"https:\/\/us.123rf.com\/450wm\/colorfuelstudio\/colorfuelstudio2001\/colorfuelstudio200101264\/138518187-ni%C3%B1os-lindos-felices-viajan-juntos-en-autob%C3%BAs-escolar.jpg?ver=6\" alt=\"42,171 Autobus Escolar Vectores, Ilustraciones y Gr\u00e1ficos - 123RF\" data-noaft=\"1\" \/><br \/>\nEn un dels tallers ens van explicar diferents tipus de farines i despr\u00e9s vam fer pa.<br \/>\nA l&#8217;altre van rebre la visita de la castanyera de la masia i ens va dir moltes coses de la tardor, vam fer un recorregut passant per diverses proves per aprendre coses noves. Una de les proves consistia a fer un petit tastet de diversos fruits de temporada. Estava bon\u00edssim!!!<\/p>\n<p><a href=\"https:\/\/photos.app.goo.gl\/UDS3Put1yDtPMX6VA\">I4<\/a><\/p>\n<p><a href=\"https:\/\/photos.app.goo.gl\/2suYnt1zUv5sod547\">I5<\/a><\/p>\n","protected":false},"excerpt":{"rendered":"<p>Dilluns 10 d\u2019octubre i 17 d&#8217;octubre els nens i les nenes de I4 i I5 de l&#8217;escola la Jota vam anar d\u2019excursi\u00f3 a l&#8217;Ametlla del Vall\u00e8s, concretament a Mas Fabrera.<br \/>\nEns ho vam passar d\u2019all\u00f2 m\u00e9s b\u00e9!<br \/>\nAll\u00e0 vam gaudir molt de l\u2019espai i vam jugar, tamb\u00e9&hellip;  <a href=\"https:\/\/agora.xtec.cat\/ceiplajota\/general\/mas-fabrera\/\" title=\"Read MAS FABRERA\">Llegeix m\u00e9s\u00bb<\/a><\/p>\n","protected":false},"author":34,"featured_media":0,"comment_status":"open","ping_status":"closed","sticky":false,"template":"","format":"standard","meta":{"_bbp_topic_count":0,"_bbp_reply_count":0,"_bbp_total_topic_count":0,"_bbp_total_reply_count":0,"_bbp_voice_count":0,"_bbp_anonymous_reply_count":0,"_bbp_topic_count_hidden":0,"_bbp_reply_count_hidden":0,"_bbp_forum_subforum_count":0,"footnotes":""},"categories":[1,2,8,9],"tags":[],"class_list":["post-5031","post","type-post","status-publish","format-standard","hentry","category-general","category-infantil","category-p4","category-p5"],"post_mailing_queue_ids":[],"_links":{"self":[{"href":"https:\/\/agora.xtec.cat\/ceiplajota\/wp-json\/wp\/v2\/posts\/5031","targetHints":{"allow":["GET"]}}],"collection":[{"href":"https:\/\/agora.xtec.cat\/ceiplajota\/wp-json\/wp\/v2\/posts"}],"about":[{"href":"https:\/\/agora.xtec.cat\/ceiplajota\/wp-json\/wp\/v2\/types\/post"}],"author":[{"embeddable":true,"href":"https:\/\/agora.xtec.cat\/ceiplajota\/wp-json\/wp\/v2\/users\/34"}],"replies":[{"embeddable":true,"href":"https:\/\/agora.xtec.cat\/ceiplajota\/wp-json\/wp\/v2\/comments?post=5031"}],"version-history":[{"count":3,"href":"https:\/\/agora.xtec.cat\/ceiplajota\/wp-json\/wp\/v2\/posts\/5031\/revisions"}],"predecessor-version":[{"id":5045,"href":"https:\/\/agora.xtec.cat\/ceiplajota\/wp-json\/wp\/v2\/posts\/5031\/revisions\/5045"}],"wp:attachment":[{"href":"https:\/\/agora.xtec.cat\/ceiplajota\/wp-json\/wp\/v2\/media?parent=5031"}],"wp:term":[{"taxonomy":"category","embeddable":true,"href":"https:\/\/agora.xtec.cat\/ceiplajota\/wp-json\/wp\/v2\/categories?post=5031"},{"taxonomy":"post_tag","embeddable":true,"href":"https:\/\/agora.xtec.cat\/ceiplajota\/wp-json\/wp\/v2\/tags?post=5031"}],"curies":[{"name":"wp","href":"https:\/\/api.w.org\/{rel}","templated":true}]}}