{"id":5010,"date":"2022-10-04T18:41:36","date_gmt":"2022-10-04T16:41:36","guid":{"rendered":"https:\/\/agora.xtec.cat\/ceiplajota\/?p=5010"},"modified":"2022-10-04T21:21:43","modified_gmt":"2022-10-04T19:21:43","slug":"cicle-mitja-visita-al-jardi-botanic","status":"publish","type":"post","link":"https:\/\/agora.xtec.cat\/ceiplajota\/general\/cicle-mitja-visita-al-jardi-botanic\/","title":{"rendered":"CICLE MITJ\u00c0 &#8211;  VISITA AL JARD\u00cd BOT\u00c0NIC"},"content":{"rendered":"<p>Bon dia fam\u00edlies de Cicle Mitj\u00e0!<\/p>\n<p>Aquest dilluns dia 3 d&#8217;octubre els nens i nenes de 3r i 4t hem anat d&#8217;excursi\u00f3 al Jard\u00ed Bot\u00e0nic de Barcelona.<\/p>\n<p>Durant la nostra visita, hem pogut descobrir la flora de les regions del m\u00f3n amb clima mediterrani tot passejant i investigant\u00a0 els diferents paisatges del Jard\u00ed al llarg de l\u2019any en un entorn privilegiat. Hem pogut veure les esp\u00e8cies vegetals m\u00e9s representatives, les caracter\u00edstiques del clima mediterrani, els seus efectes, les diferents solucions adaptatives i el seu reflex en el paisatge.<\/p>\n<p>Tamb\u00e9 hem apr\u00e8s una mica m\u00e9s sobre el vincle entre els insectes i les flors, una relaci\u00f3 fonamental per a la reproducci\u00f3 d\u2019una gran diversitat de plantes i el paper essencial de les\u00a0abelles \u00a0per garantir la superviv\u00e8ncia de la majoria de plantes del planeta Terra.<\/p>\n<p>Ha estat un dia complet! Si voleu veure tot el que vam fer cliqueu l&#8217;enlla\u00e7 de sota \ud83d\udc47\ud83d\udc47\ud83d\udc47<\/p>\n<p>&nbsp;<\/p>\n<h2 style=\"text-align: center\"><a href=\"https:\/\/photos.app.goo.gl\/UNxNEQaB4vuneaaC9\">\u00a0 \u00a0 \u00a0JARD\u00cd BOT\u00c0NIC DE BARCELONA\u00a0<\/a><\/h2>\n<p>&nbsp;<\/p>\n<p style=\"text-align: center\"><iframe loading=\"lazy\" src=\"\/\/giphy.com\/embed\/9JmaMVeQUPoNoPomIH\" width=\"480\" height=\"270\" frameborder=\"0\"><\/iframe><\/p>\n<p style=\"text-align: center\">\n","protected":false},"excerpt":{"rendered":"<p>Bon dia fam\u00edlies de Cicle Mitj\u00e0!<br \/>\nAquest dilluns dia 3 d&#8217;octubre els nens i nenes de 3r i 4t hem anat d&#8217;excursi\u00f3 al Jard\u00ed Bot\u00e0nic de Barcelona.<br \/>\nDurant la nostra visita, hem pogut descobrir la flora de les regions del m\u00f3n amb clima mediterrani tot passejant i&hellip;  <a href=\"https:\/\/agora.xtec.cat\/ceiplajota\/general\/cicle-mitja-visita-al-jardi-botanic\/\" title=\"Read CICLE MITJ\u00c0 &#8211;  VISITA AL JARD\u00cd BOT\u00c0NIC\">Llegeix m\u00e9s\u00bb<\/a><\/p>\n","protected":false},"author":22,"featured_media":5012,"comment_status":"open","ping_status":"closed","sticky":false,"template":"","format":"standard","meta":{"_bbp_topic_count":0,"_bbp_reply_count":0,"_bbp_total_topic_count":0,"_bbp_total_reply_count":0,"_bbp_voice_count":0,"_bbp_anonymous_reply_count":0,"_bbp_topic_count_hidden":0,"_bbp_reply_count_hidden":0,"_bbp_forum_subforum_count":0,"footnotes":""},"categories":[12,13,1],"tags":[],"class_list":["post-5010","post","type-post","status-publish","format-standard","has-post-thumbnail","hentry","category-3r","category-4t","category-general"],"post_mailing_queue_ids":[],"_links":{"self":[{"href":"https:\/\/agora.xtec.cat\/ceiplajota\/wp-json\/wp\/v2\/posts\/5010","targetHints":{"allow":["GET"]}}],"collection":[{"href":"https:\/\/agora.xtec.cat\/ceiplajota\/wp-json\/wp\/v2\/posts"}],"about":[{"href":"https:\/\/agora.xtec.cat\/ceiplajota\/wp-json\/wp\/v2\/types\/post"}],"author":[{"embeddable":true,"href":"https:\/\/agora.xtec.cat\/ceiplajota\/wp-json\/wp\/v2\/users\/22"}],"replies":[{"embeddable":true,"href":"https:\/\/agora.xtec.cat\/ceiplajota\/wp-json\/wp\/v2\/comments?post=5010"}],"version-history":[{"count":3,"href":"https:\/\/agora.xtec.cat\/ceiplajota\/wp-json\/wp\/v2\/posts\/5010\/revisions"}],"predecessor-version":[{"id":5023,"href":"https:\/\/agora.xtec.cat\/ceiplajota\/wp-json\/wp\/v2\/posts\/5010\/revisions\/5023"}],"wp:featuredmedia":[{"embeddable":true,"href":"https:\/\/agora.xtec.cat\/ceiplajota\/wp-json\/wp\/v2\/media\/5012"}],"wp:attachment":[{"href":"https:\/\/agora.xtec.cat\/ceiplajota\/wp-json\/wp\/v2\/media?parent=5010"}],"wp:term":[{"taxonomy":"category","embeddable":true,"href":"https:\/\/agora.xtec.cat\/ceiplajota\/wp-json\/wp\/v2\/categories?post=5010"},{"taxonomy":"post_tag","embeddable":true,"href":"https:\/\/agora.xtec.cat\/ceiplajota\/wp-json\/wp\/v2\/tags?post=5010"}],"curies":[{"name":"wp","href":"https:\/\/api.w.org\/{rel}","templated":true}]}}