{"id":4923,"date":"2022-06-22T18:09:10","date_gmt":"2022-06-22T16:09:10","guid":{"rendered":"https:\/\/agora.xtec.cat\/ceiplajota\/?p=4923"},"modified":"2022-06-26T23:04:30","modified_gmt":"2022-06-26T21:04:30","slug":"festa-de-laigua","status":"publish","type":"post","link":"https:\/\/agora.xtec.cat\/ceiplajota\/general\/festa-de-laigua\/","title":{"rendered":"FESTA DE L&#8217;AIGUA"},"content":{"rendered":"<p>L&#8217;AMPA de l&#8217;Escola La Jota ha ofert a tot l&#8217;alumnat una Jornada de Jocs d&#8217;Aigua espectacular. Els nens i les nenes i, els mestres tamb\u00e9, s&#8217;ho han passat moooooolt b\u00e9. Tothom a quedat ben fresquet! GR\u00c0CIES AMPA!!!<\/p>\n<p>Mira les imatges.<\/p>\n<p><a href=\"https:\/\/photos.app.goo.gl\/zfyt8syp8sHPz7wk7\" target=\"_blank\" rel=\"noopener\">Educaci\u00f3 Infantil<\/a><\/p>\n<p><a href=\"https:\/\/photos.app.goo.gl\/EBQibmXUDdETJgzA6\" target=\"_blank\" rel=\"noopener\">Cicle Inicial<\/a><\/p>\n<p><a href=\"https:\/\/photos.app.goo.gl\/SGmnR7fA8vW9SFb7A\" target=\"_blank\" rel=\"noopener\">Cicle Mitj\u00e0<\/a><\/p>\n<p><a href=\"https:\/\/photos.app.goo.gl\/TTUbYhJLvdQiCaP57\" target=\"_blank\" rel=\"noopener\">Cicle Superior<\/a><\/p>\n<p>&nbsp;<\/p>\n<p><a href=\"https:\/\/agora.xtec.cat\/ceiplajota\/wp-content\/uploads\/usu1571\/2022\/06\/Financat.png\"><img loading=\"lazy\" decoding=\"async\" class=\"aligncenter size-full wp-image-4937\" src=\"https:\/\/agora.xtec.cat\/ceiplajota\/wp-content\/uploads\/usu1571\/2022\/06\/Financat.png\" alt=\"\" width=\"1024\" height=\"127\" srcset=\"https:\/\/agora.xtec.cat\/ceiplajota\/wp-content\/uploads\/usu1571\/2022\/06\/Financat.png 1024w, https:\/\/agora.xtec.cat\/ceiplajota\/wp-content\/uploads\/usu1571\/2022\/06\/Financat-300x37.png 300w, https:\/\/agora.xtec.cat\/ceiplajota\/wp-content\/uploads\/usu1571\/2022\/06\/Financat-768x95.png 768w\" sizes=\"auto, (max-width: 1024px) 100vw, 1024px\" \/><\/a><\/p>\n","protected":false},"excerpt":{"rendered":"<p>L&#8217;AMPA de l&#8217;Escola La Jota ha ofert a tot l&#8217;alumnat una Jornada de Jocs d&#8217;Aigua espectacular. Els nens i les nenes i, els mestres tamb\u00e9, s&#8217;ho han passat moooooolt b\u00e9. Tothom a quedat ben fresquet! GR\u00c0CIES AMPA!!!<br \/>\nMira les imatges.<br \/>\n<a href=\"https:\/\/photos.app.goo.gl\/zfyt8syp8sHPz7wk7\" target=\"_blank\" rel=\"noopener\">Educaci\u00f3 Infantil<\/a><br \/>\n<a href=\"https:\/\/photos.app.goo.gl\/EBQibmXUDdETJgzA6\" target=\"_blank\"&hellip;  <a href=\"https:\/\/agora.xtec.cat\/ceiplajota\/general\/festa-de-laigua\/\" title=\"Read FESTA DE L&#8217;AIGUA\">Llegeix m\u00e9s\u00bb<\/a><\/p>\n","protected":false},"author":1,"featured_media":4926,"comment_status":"open","ping_status":"closed","sticky":false,"template":"","format":"standard","meta":{"_bbp_topic_count":0,"_bbp_reply_count":0,"_bbp_total_topic_count":0,"_bbp_total_reply_count":0,"_bbp_voice_count":0,"_bbp_anonymous_reply_count":0,"_bbp_topic_count_hidden":0,"_bbp_reply_count_hidden":0,"_bbp_forum_subforum_count":0,"footnotes":""},"categories":[1],"tags":[],"class_list":["post-4923","post","type-post","status-publish","format-standard","has-post-thumbnail","hentry","category-general"],"post_mailing_queue_ids":[],"_links":{"self":[{"href":"https:\/\/agora.xtec.cat\/ceiplajota\/wp-json\/wp\/v2\/posts\/4923","targetHints":{"allow":["GET"]}}],"collection":[{"href":"https:\/\/agora.xtec.cat\/ceiplajota\/wp-json\/wp\/v2\/posts"}],"about":[{"href":"https:\/\/agora.xtec.cat\/ceiplajota\/wp-json\/wp\/v2\/types\/post"}],"author":[{"embeddable":true,"href":"https:\/\/agora.xtec.cat\/ceiplajota\/wp-json\/wp\/v2\/users\/1"}],"replies":[{"embeddable":true,"href":"https:\/\/agora.xtec.cat\/ceiplajota\/wp-json\/wp\/v2\/comments?post=4923"}],"version-history":[{"count":4,"href":"https:\/\/agora.xtec.cat\/ceiplajota\/wp-json\/wp\/v2\/posts\/4923\/revisions"}],"predecessor-version":[{"id":4942,"href":"https:\/\/agora.xtec.cat\/ceiplajota\/wp-json\/wp\/v2\/posts\/4923\/revisions\/4942"}],"wp:featuredmedia":[{"embeddable":true,"href":"https:\/\/agora.xtec.cat\/ceiplajota\/wp-json\/wp\/v2\/media\/4926"}],"wp:attachment":[{"href":"https:\/\/agora.xtec.cat\/ceiplajota\/wp-json\/wp\/v2\/media?parent=4923"}],"wp:term":[{"taxonomy":"category","embeddable":true,"href":"https:\/\/agora.xtec.cat\/ceiplajota\/wp-json\/wp\/v2\/categories?post=4923"},{"taxonomy":"post_tag","embeddable":true,"href":"https:\/\/agora.xtec.cat\/ceiplajota\/wp-json\/wp\/v2\/tags?post=4923"}],"curies":[{"name":"wp","href":"https:\/\/api.w.org\/{rel}","templated":true}]}}