{"id":4908,"date":"2022-06-21T17:05:01","date_gmt":"2022-06-21T15:05:01","guid":{"rendered":"https:\/\/agora.xtec.cat\/ceiplajota\/?p=4908"},"modified":"2022-06-21T21:05:35","modified_gmt":"2022-06-21T19:05:35","slug":"curset-de-natacio-a-1r","status":"publish","type":"post","link":"https:\/\/agora.xtec.cat\/ceiplajota\/general\/curset-de-natacio-a-1r\/","title":{"rendered":"Curset de nataci\u00f3 a 1r"},"content":{"rendered":"<p style=\"text-align: center;\"><a href=\"https:\/\/agora.xtec.cat\/ceiplajota\/wp-content\/uploads\/usu1571\/2022\/06\/Turquesa-Ilustrado-Fiesta-de-Piscina-Invitacion.jpg\"><img loading=\"lazy\" decoding=\"async\" class=\"alignnone wp-image-4909\" src=\"https:\/\/agora.xtec.cat\/ceiplajota\/wp-content\/uploads\/usu1571\/2022\/06\/Turquesa-Ilustrado-Fiesta-de-Piscina-Invitacion-1024x1024.jpg\" alt=\"\" width=\"326\" height=\"326\" srcset=\"https:\/\/agora.xtec.cat\/ceiplajota\/wp-content\/uploads\/usu1571\/2022\/06\/Turquesa-Ilustrado-Fiesta-de-Piscina-Invitacion-1024x1024.jpg 1024w, https:\/\/agora.xtec.cat\/ceiplajota\/wp-content\/uploads\/usu1571\/2022\/06\/Turquesa-Ilustrado-Fiesta-de-Piscina-Invitacion-300x300.jpg 300w, https:\/\/agora.xtec.cat\/ceiplajota\/wp-content\/uploads\/usu1571\/2022\/06\/Turquesa-Ilustrado-Fiesta-de-Piscina-Invitacion-150x150.jpg 150w, https:\/\/agora.xtec.cat\/ceiplajota\/wp-content\/uploads\/usu1571\/2022\/06\/Turquesa-Ilustrado-Fiesta-de-Piscina-Invitacion-768x768.jpg 768w, https:\/\/agora.xtec.cat\/ceiplajota\/wp-content\/uploads\/usu1571\/2022\/06\/Turquesa-Ilustrado-Fiesta-de-Piscina-Invitacion-1536x1536.jpg 1536w, https:\/\/agora.xtec.cat\/ceiplajota\/wp-content\/uploads\/usu1571\/2022\/06\/Turquesa-Ilustrado-Fiesta-de-Piscina-Invitacion.jpg 1654w\" sizes=\"auto, (max-width: 326px) 100vw, 326px\" \/><\/a><\/p>\n<p>Al llarg del curs, els alumnes de 1r han tingut l&#8217;oportunitat de dur a terme un curset de nataci\u00f3 al Complex Esportiu de Badia de Vall\u00e8s. Ha estat una bona oportunitat per introduir-se en un nou esport tan complet com \u00e9s la nataci\u00f3. Els nens i nenes, amb valentia, dedicaci\u00f3 i superaci\u00f3 han pogut gaudir d&#8217;unes sessions a c\u00e0rrec de la Laura i l&#8217;Adri\u00e0, juntament amb el Gerard, el mestre d&#8217;Educaci\u00f3 F\u00edsica que ha estat all\u00e0 donant suport en tot moment.<\/p>\n<p>Moltes gr\u00e0cies per acompanyar-nos i guiar-nos durant aquest temps!<\/p>\n<p>A continuaci\u00f3 teniu el v\u00eddeo de comiat que ens han preparat.<\/p>\n<p><a href=\"https:\/\/photos.app.goo.gl\/UiV9UrhJ2Cu3bRdf9\">Comiat curset de nataci\u00f3.<\/a><\/p>\n<p>&nbsp;<\/p>\n<p>&nbsp;<\/p>\n","protected":false},"excerpt":{"rendered":"<p><a href=\"https:\/\/agora.xtec.cat\/ceiplajota\/wp-content\/uploads\/usu1571\/2022\/06\/Turquesa-Ilustrado-Fiesta-de-Piscina-Invitacion.jpg\"><\/a><br \/>\nAl llarg del curs, els alumnes de 1r han tingut l&#8217;oportunitat de dur a terme un curset de nataci\u00f3 al Complex Esportiu de Badia de Vall\u00e8s. Ha estat una bona oportunitat per introduir-se en un nou esport tan complet com \u00e9s la nataci\u00f3. Els&hellip;  <a href=\"https:\/\/agora.xtec.cat\/ceiplajota\/general\/curset-de-natacio-a-1r\/\" title=\"Read Curset de nataci\u00f3 a 1r\">Llegeix m\u00e9s\u00bb<\/a><\/p>\n","protected":false},"author":34,"featured_media":4909,"comment_status":"open","ping_status":"closed","sticky":false,"template":"","format":"standard","meta":{"_bbp_topic_count":0,"_bbp_reply_count":0,"_bbp_total_topic_count":0,"_bbp_total_reply_count":0,"_bbp_voice_count":0,"_bbp_anonymous_reply_count":0,"_bbp_topic_count_hidden":0,"_bbp_reply_count_hidden":0,"_bbp_forum_subforum_count":0,"footnotes":""},"categories":[1],"tags":[101,100,98,99,95],"class_list":["post-4908","post","type-post","status-publish","format-standard","has-post-thumbnail","hentry","category-general","tag-educaciofisica","tag-esport","tag-natacio","tag-piscina","tag-primer"],"post_mailing_queue_ids":[],"_links":{"self":[{"href":"https:\/\/agora.xtec.cat\/ceiplajota\/wp-json\/wp\/v2\/posts\/4908","targetHints":{"allow":["GET"]}}],"collection":[{"href":"https:\/\/agora.xtec.cat\/ceiplajota\/wp-json\/wp\/v2\/posts"}],"about":[{"href":"https:\/\/agora.xtec.cat\/ceiplajota\/wp-json\/wp\/v2\/types\/post"}],"author":[{"embeddable":true,"href":"https:\/\/agora.xtec.cat\/ceiplajota\/wp-json\/wp\/v2\/users\/34"}],"replies":[{"embeddable":true,"href":"https:\/\/agora.xtec.cat\/ceiplajota\/wp-json\/wp\/v2\/comments?post=4908"}],"version-history":[{"count":3,"href":"https:\/\/agora.xtec.cat\/ceiplajota\/wp-json\/wp\/v2\/posts\/4908\/revisions"}],"predecessor-version":[{"id":4914,"href":"https:\/\/agora.xtec.cat\/ceiplajota\/wp-json\/wp\/v2\/posts\/4908\/revisions\/4914"}],"wp:featuredmedia":[{"embeddable":true,"href":"https:\/\/agora.xtec.cat\/ceiplajota\/wp-json\/wp\/v2\/media\/4909"}],"wp:attachment":[{"href":"https:\/\/agora.xtec.cat\/ceiplajota\/wp-json\/wp\/v2\/media?parent=4908"}],"wp:term":[{"taxonomy":"category","embeddable":true,"href":"https:\/\/agora.xtec.cat\/ceiplajota\/wp-json\/wp\/v2\/categories?post=4908"},{"taxonomy":"post_tag","embeddable":true,"href":"https:\/\/agora.xtec.cat\/ceiplajota\/wp-json\/wp\/v2\/tags?post=4908"}],"curies":[{"name":"wp","href":"https:\/\/api.w.org\/{rel}","templated":true}]}}