{"id":4904,"date":"2022-06-20T07:01:29","date_gmt":"2022-06-20T05:01:29","guid":{"rendered":"https:\/\/agora.xtec.cat\/ceiplajota\/?p=4904"},"modified":"2022-06-23T05:42:46","modified_gmt":"2022-06-23T03:42:46","slug":"fi-de-curs","status":"publish","type":"post","link":"https:\/\/agora.xtec.cat\/ceiplajota\/general\/fi-de-curs\/","title":{"rendered":"FI DE CURS"},"content":{"rendered":"<p>Aquests darrers dies del curs 21-22 volem celebrar amb tots els alumnes i les seves fam\u00edlies que, malgrat la pand\u00e8mia , hem arribat al juny i hem realitzat amb escreix tots els objectius que teniem proposats. Hem apr\u00e8s molt, hem fet moltes activitats, sortides, cantades, visites, les fam\u00edlies heu pogut entrar de nou a l&#8217;escola, ens hem tret la mascareta i ens hem tornat a veure els somriures.<\/p>\n<p>Recollim aqu\u00ed els actes d&#8217;aquests FI DE CURS 21-22.<\/p>\n<p>Educaci\u00f3 Infantil:<a href=\"https:\/\/photos.app.goo.gl\/Rk22B3BxRK2w2q7U9\" target=\"_blank\" rel=\"noopener\"> P3 A<\/a>,\u00a0 <a href=\"https:\/\/photos.app.goo.gl\/3ZBgpacGZscowEwm9\" target=\"_blank\" rel=\"noopener\">\u00a0P3 B<\/a>,\u00a0 \u00a0<a href=\"https:\/\/photos.app.goo.gl\/nzyKw1Vo2GUBQDnn7\" target=\"_blank\" rel=\"noopener\">P4 A,<\/a>\u00a0 \u00a0<a href=\"https:\/\/photos.app.goo.gl\/u5esizUpEKirMhac6\" target=\"_blank\" rel=\"noopener\">P4 B<\/a>,\u00a0 <a href=\"https:\/\/photos.app.goo.gl\/cB5WmZrT6kDcbh269\" target=\"_blank\" rel=\"noopener\">\u00a0P5 A<\/a> i\u00a0 \u00a0<a href=\"https:\/\/photos.app.goo.gl\/98Bd5cQcL9xSfGW49\" target=\"_blank\" rel=\"noopener\">P5 B<\/a><\/p>\n<p>Cicle Inicial: <a href=\"https:\/\/photos.app.goo.gl\/HJ5raE4Qn3xpMeco8\" target=\"_blank\" rel=\"noopener\">1r A\u00a0<\/a> , <a href=\"https:\/\/photos.app.goo.gl\/9MCfjpLcc6wy7bYG8\" target=\"_blank\" rel=\"noopener\">1r B<\/a>\u00a0 ,\u00a0 <a href=\"https:\/\/photos.app.goo.gl\/L5dycKQDPRDUDDaG7\" target=\"_blank\" rel=\"noopener\">2n A<\/a>\u00a0 \u00a0i\u00a0 \u00a0<a href=\"https:\/\/photos.app.goo.gl\/SvGKSzQ3SDwQoEwY6\" target=\"_blank\" rel=\"noopener\">2n B<\/a><\/p>\n<p>Cicle Mitj\u00e0: <a href=\"https:\/\/photos.app.goo.gl\/6E4rQPjkchuYDZ2G9\" target=\"_blank\" rel=\"noopener\">3r A<\/a>\u00a0 , <a href=\"https:\/\/photos.app.goo.gl\/FzTBMJmhqCQzSxcq5\" target=\"_blank\" rel=\"noopener\">4t A<\/a>\u00a0 \u00a0i\u00a0 <a href=\"https:\/\/photos.app.goo.gl\/BERDpp57BXr6ztFZA\" target=\"_blank\" rel=\"noopener\">4t B<\/a><\/p>\n<p>Cicle Superior: <a href=\"https:\/\/photos.app.goo.gl\/nosEAXKqUQY4G6CZ8\" target=\"_blank\" rel=\"noopener\">5\u00e8 A\u00a0<\/a> , <a href=\"https:\/\/photos.app.goo.gl\/K7nAt4NNBYuLxrRZ8\" target=\"_blank\" rel=\"noopener\">5\u00e8 B<\/a>\u00a0 , <a href=\"https:\/\/photos.app.goo.gl\/GpvbbKxqcgNdNFuC8\" target=\"_blank\" rel=\"noopener\">6\u00e8 A<\/a>\u00a0 i\u00a0 <a href=\"https:\/\/photos.app.goo.gl\/etnGVLeA7cZykKwSA\" target=\"_blank\" rel=\"noopener\">6\u00e8 B<\/a><\/p>\n<p>&nbsp;<\/p>\n","protected":false},"excerpt":{"rendered":"<p>Aquests darrers dies del curs 21-22 volem celebrar amb tots els alumnes i les seves fam\u00edlies que, malgrat la pand\u00e8mia , hem arribat al juny i hem realitzat amb escreix tots els objectius que teniem proposats. Hem apr\u00e8s molt, hem fet moltes activitats, sortides, cantades,&hellip;  <a href=\"https:\/\/agora.xtec.cat\/ceiplajota\/general\/fi-de-curs\/\" title=\"Read FI DE CURS\">Llegeix m\u00e9s\u00bb<\/a><\/p>\n","protected":false},"author":1,"featured_media":4905,"comment_status":"open","ping_status":"closed","sticky":false,"template":"","format":"standard","meta":{"_bbp_topic_count":0,"_bbp_reply_count":0,"_bbp_total_topic_count":0,"_bbp_total_reply_count":0,"_bbp_voice_count":0,"_bbp_anonymous_reply_count":0,"_bbp_topic_count_hidden":0,"_bbp_reply_count_hidden":0,"_bbp_forum_subforum_count":0,"footnotes":""},"categories":[1],"tags":[],"class_list":["post-4904","post","type-post","status-publish","format-standard","has-post-thumbnail","hentry","category-general"],"post_mailing_queue_ids":[],"_links":{"self":[{"href":"https:\/\/agora.xtec.cat\/ceiplajota\/wp-json\/wp\/v2\/posts\/4904","targetHints":{"allow":["GET"]}}],"collection":[{"href":"https:\/\/agora.xtec.cat\/ceiplajota\/wp-json\/wp\/v2\/posts"}],"about":[{"href":"https:\/\/agora.xtec.cat\/ceiplajota\/wp-json\/wp\/v2\/types\/post"}],"author":[{"embeddable":true,"href":"https:\/\/agora.xtec.cat\/ceiplajota\/wp-json\/wp\/v2\/users\/1"}],"replies":[{"embeddable":true,"href":"https:\/\/agora.xtec.cat\/ceiplajota\/wp-json\/wp\/v2\/comments?post=4904"}],"version-history":[{"count":3,"href":"https:\/\/agora.xtec.cat\/ceiplajota\/wp-json\/wp\/v2\/posts\/4904\/revisions"}],"predecessor-version":[{"id":4931,"href":"https:\/\/agora.xtec.cat\/ceiplajota\/wp-json\/wp\/v2\/posts\/4904\/revisions\/4931"}],"wp:featuredmedia":[{"embeddable":true,"href":"https:\/\/agora.xtec.cat\/ceiplajota\/wp-json\/wp\/v2\/media\/4905"}],"wp:attachment":[{"href":"https:\/\/agora.xtec.cat\/ceiplajota\/wp-json\/wp\/v2\/media?parent=4904"}],"wp:term":[{"taxonomy":"category","embeddable":true,"href":"https:\/\/agora.xtec.cat\/ceiplajota\/wp-json\/wp\/v2\/categories?post=4904"},{"taxonomy":"post_tag","embeddable":true,"href":"https:\/\/agora.xtec.cat\/ceiplajota\/wp-json\/wp\/v2\/tags?post=4904"}],"curies":[{"name":"wp","href":"https:\/\/api.w.org\/{rel}","templated":true}]}}