{"id":4899,"date":"2022-06-17T17:26:59","date_gmt":"2022-06-17T15:26:59","guid":{"rendered":"https:\/\/agora.xtec.cat\/ceiplajota\/?p=4899"},"modified":"2022-06-19T17:48:01","modified_gmt":"2022-06-19T15:48:01","slug":"com-el-valles-no-hi-ha-res","status":"publish","type":"post","link":"https:\/\/agora.xtec.cat\/ceiplajota\/general\/com-el-valles-no-hi-ha-res\/","title":{"rendered":"Com el Vall\u00e8s no hi ha res"},"content":{"rendered":"<p>Els nens i les nenes de 2n curs\u00a0 han presentat al teatre de l&#8217;escola el projecte <strong>&#8220;Com el Vall\u00e8s no hi ha res&#8221;<\/strong> que han treballat per con\u00e8ixer la seva poblaci\u00f3 i les altres poblacions de la comarca del Vall\u00e8s Occidental.<\/p>\n<p>Mares, pares, \u00e0vies i germans petits, acompanyats de l&#8217;alcaldessa, Eva Menor i del regidor d&#8217;Inf\u00e0ncia, Iv\u00e1n Sanz, han pogut\u00a0 gaudir de la presentaci\u00f3 dels 23 municipis i dels seus punts d&#8217;inter\u00e8s segons cada infant.<\/p>\n<p>Aqu\u00ed hi trobar\u00e0s les <a href=\"https:\/\/photos.app.goo.gl\/24kcRhN7eDQkQCTM9\" target=\"_blank\" rel=\"noopener\">fotografies<\/a> de la presentaci\u00f3 i el <a href=\"https:\/\/youtu.be\/ies1BEjPsN4\" target=\"_blank\" rel=\"noopener\">v\u00eddeo del projecte<\/a>. Tamb\u00e9 pots trobar-ne informaci\u00f3 a la p\u00e0gina web de l<a href=\"https:\/\/www.badiadelvalles.cat\/document.php?id=10109\" target=\"_blank\" rel=\"noopener\">&#8216;Ajuntament de Badia del Vall\u00e8s.<\/a><\/p>\n<p>L&#8217;alcaldesa ha obsequiat als nens i nenes de 2n curs amb un bonic i pr\u00e0ctic boc&#8217;n&#8217;roll que ajuda a la tasca engegada a l&#8217;escola de redu\u00efr l&#8217;\u00fas del paper d&#8217;alumini per embolicar els entrepans. Moltes gr\u00e0cies!!!<\/p>\n<p>&nbsp;<\/p>\n<p>&nbsp;<\/p>\n","protected":false},"excerpt":{"rendered":"<p>Els nens i les nenes de 2n curs\u00a0 han presentat al teatre de l&#8217;escola el projecte &#8220;Com el Vall\u00e8s no hi ha res&#8221; que han treballat per con\u00e8ixer la seva poblaci\u00f3 i les altres poblacions de la comarca del Vall\u00e8s Occidental.<br \/>\nMares, pares, \u00e0vies i germans&hellip;  <a href=\"https:\/\/agora.xtec.cat\/ceiplajota\/general\/com-el-valles-no-hi-ha-res\/\" title=\"Read Com el Vall\u00e8s no hi ha res\">Llegeix m\u00e9s\u00bb<\/a><\/p>\n","protected":false},"author":1,"featured_media":4902,"comment_status":"open","ping_status":"closed","sticky":false,"template":"","format":"standard","meta":{"_bbp_topic_count":0,"_bbp_reply_count":0,"_bbp_total_topic_count":0,"_bbp_total_reply_count":0,"_bbp_voice_count":0,"_bbp_anonymous_reply_count":0,"_bbp_topic_count_hidden":0,"_bbp_reply_count_hidden":0,"_bbp_forum_subforum_count":0,"footnotes":""},"categories":[1],"tags":[],"class_list":["post-4899","post","type-post","status-publish","format-standard","has-post-thumbnail","hentry","category-general"],"post_mailing_queue_ids":[],"_links":{"self":[{"href":"https:\/\/agora.xtec.cat\/ceiplajota\/wp-json\/wp\/v2\/posts\/4899","targetHints":{"allow":["GET"]}}],"collection":[{"href":"https:\/\/agora.xtec.cat\/ceiplajota\/wp-json\/wp\/v2\/posts"}],"about":[{"href":"https:\/\/agora.xtec.cat\/ceiplajota\/wp-json\/wp\/v2\/types\/post"}],"author":[{"embeddable":true,"href":"https:\/\/agora.xtec.cat\/ceiplajota\/wp-json\/wp\/v2\/users\/1"}],"replies":[{"embeddable":true,"href":"https:\/\/agora.xtec.cat\/ceiplajota\/wp-json\/wp\/v2\/comments?post=4899"}],"version-history":[{"count":3,"href":"https:\/\/agora.xtec.cat\/ceiplajota\/wp-json\/wp\/v2\/posts\/4899\/revisions"}],"predecessor-version":[{"id":4903,"href":"https:\/\/agora.xtec.cat\/ceiplajota\/wp-json\/wp\/v2\/posts\/4899\/revisions\/4903"}],"wp:featuredmedia":[{"embeddable":true,"href":"https:\/\/agora.xtec.cat\/ceiplajota\/wp-json\/wp\/v2\/media\/4902"}],"wp:attachment":[{"href":"https:\/\/agora.xtec.cat\/ceiplajota\/wp-json\/wp\/v2\/media?parent=4899"}],"wp:term":[{"taxonomy":"category","embeddable":true,"href":"https:\/\/agora.xtec.cat\/ceiplajota\/wp-json\/wp\/v2\/categories?post=4899"},{"taxonomy":"post_tag","embeddable":true,"href":"https:\/\/agora.xtec.cat\/ceiplajota\/wp-json\/wp\/v2\/tags?post=4899"}],"curies":[{"name":"wp","href":"https:\/\/api.w.org\/{rel}","templated":true}]}}