{"id":4893,"date":"2022-06-19T13:55:18","date_gmt":"2022-06-19T11:55:18","guid":{"rendered":"https:\/\/agora.xtec.cat\/ceiplajota\/?p=4893"},"modified":"2022-06-19T14:06:08","modified_gmt":"2022-06-19T12:06:08","slug":"revetlles-amb-precaucio","status":"publish","type":"post","link":"https:\/\/agora.xtec.cat\/ceiplajota\/general\/revetlles-amb-precaucio\/","title":{"rendered":"REVETLLES AMB PRECAUCI\u00d3"},"content":{"rendered":"<p>Els alumnes de 5\u00e8 i 6\u00e8 han rebut una xerrada del personal de\u00a0 Protecci\u00f3 Civil de Badia del Vall\u00e8s, en Francisco G.F. i la Esther H.L., tots dos exalumnes de La Jota, amb l&#8217;objectiu de minimitzar els riscos amb l&#8217;\u00fas del material pirot\u00e8cnic de cara a les properes revetlles de Sant Joan.<\/p>\n<p>Aqu\u00ed hi trobareu un v\u00eddeo que us pot ajudar per parlar-ne a casa. <a href=\"https:\/\/youtu.be\/YNVE6081Bh8\" target=\"_blank\" rel=\"noopener\">V\u00cdDEO<\/a><\/p>\n<p>Si voleu saber sobre Qu\u00e8 \u00e9s la Protecci\u00f3 Civil, <a href=\"https:\/\/interior.gencat.cat\/ca\/arees_dactuacio\/proteccio_civil\/que-es-la-proteccio-civil\/\" target=\"_blank\" rel=\"noopener\">clica aqu\u00ed.\u00a0<\/a><\/p>\n<p>Gr\u00e0cies Esther i Francisco.<\/p>\n<p><a href=\"https:\/\/agora.xtec.cat\/ceiplajota\/wp-content\/uploads\/usu1571\/2022\/06\/Foto-2-p.-civil.png\"><img loading=\"lazy\" decoding=\"async\" class=\"aligncenter  wp-image-4897\" src=\"https:\/\/agora.xtec.cat\/ceiplajota\/wp-content\/uploads\/usu1571\/2022\/06\/Foto-2-p.-civil.png\" alt=\"\" width=\"375\" height=\"259\" srcset=\"https:\/\/agora.xtec.cat\/ceiplajota\/wp-content\/uploads\/usu1571\/2022\/06\/Foto-2-p.-civil.png 694w, https:\/\/agora.xtec.cat\/ceiplajota\/wp-content\/uploads\/usu1571\/2022\/06\/Foto-2-p.-civil-300x207.png 300w\" sizes=\"auto, (max-width: 375px) 100vw, 375px\" \/><\/a><\/p>\n","protected":false},"excerpt":{"rendered":"<p>Els alumnes de 5\u00e8 i 6\u00e8 han rebut una xerrada del personal de\u00a0 Protecci\u00f3 Civil de Badia del Vall\u00e8s, en Francisco G.F. i la Esther H.L., tots dos exalumnes de La Jota, amb l&#8217;objectiu de minimitzar els riscos amb l&#8217;\u00fas del material pirot\u00e8cnic de cara&hellip;  <a href=\"https:\/\/agora.xtec.cat\/ceiplajota\/general\/revetlles-amb-precaucio\/\" title=\"Read REVETLLES AMB PRECAUCI\u00d3\">Llegeix m\u00e9s\u00bb<\/a><\/p>\n","protected":false},"author":1,"featured_media":4894,"comment_status":"open","ping_status":"closed","sticky":false,"template":"","format":"standard","meta":{"_bbp_topic_count":0,"_bbp_reply_count":0,"_bbp_total_topic_count":0,"_bbp_total_reply_count":0,"_bbp_voice_count":0,"_bbp_anonymous_reply_count":0,"_bbp_topic_count_hidden":0,"_bbp_reply_count_hidden":0,"_bbp_forum_subforum_count":0,"footnotes":""},"categories":[1],"tags":[],"class_list":["post-4893","post","type-post","status-publish","format-standard","has-post-thumbnail","hentry","category-general"],"post_mailing_queue_ids":[],"_links":{"self":[{"href":"https:\/\/agora.xtec.cat\/ceiplajota\/wp-json\/wp\/v2\/posts\/4893","targetHints":{"allow":["GET"]}}],"collection":[{"href":"https:\/\/agora.xtec.cat\/ceiplajota\/wp-json\/wp\/v2\/posts"}],"about":[{"href":"https:\/\/agora.xtec.cat\/ceiplajota\/wp-json\/wp\/v2\/types\/post"}],"author":[{"embeddable":true,"href":"https:\/\/agora.xtec.cat\/ceiplajota\/wp-json\/wp\/v2\/users\/1"}],"replies":[{"embeddable":true,"href":"https:\/\/agora.xtec.cat\/ceiplajota\/wp-json\/wp\/v2\/comments?post=4893"}],"version-history":[{"count":3,"href":"https:\/\/agora.xtec.cat\/ceiplajota\/wp-json\/wp\/v2\/posts\/4893\/revisions"}],"predecessor-version":[{"id":4898,"href":"https:\/\/agora.xtec.cat\/ceiplajota\/wp-json\/wp\/v2\/posts\/4893\/revisions\/4898"}],"wp:featuredmedia":[{"embeddable":true,"href":"https:\/\/agora.xtec.cat\/ceiplajota\/wp-json\/wp\/v2\/media\/4894"}],"wp:attachment":[{"href":"https:\/\/agora.xtec.cat\/ceiplajota\/wp-json\/wp\/v2\/media?parent=4893"}],"wp:term":[{"taxonomy":"category","embeddable":true,"href":"https:\/\/agora.xtec.cat\/ceiplajota\/wp-json\/wp\/v2\/categories?post=4893"},{"taxonomy":"post_tag","embeddable":true,"href":"https:\/\/agora.xtec.cat\/ceiplajota\/wp-json\/wp\/v2\/tags?post=4893"}],"curies":[{"name":"wp","href":"https:\/\/api.w.org\/{rel}","templated":true}]}}