{"id":4876,"date":"2022-06-10T06:52:33","date_gmt":"2022-06-10T04:52:33","guid":{"rendered":"https:\/\/agora.xtec.cat\/ceiplajota\/?p=4876"},"modified":"2022-06-11T09:09:41","modified_gmt":"2022-06-11T07:09:41","slug":"jornada-de-jocs-avac-2022","status":"publish","type":"post","link":"https:\/\/agora.xtec.cat\/ceiplajota\/general\/jornada-de-jocs-avac-2022\/","title":{"rendered":"JORNADA DE JOCS AVAC 2022"},"content":{"rendered":"<p>El divendres dia 10 de juny al llarg de tot el mat\u00ed fem la <strong><span style=\"color: #339966;\">JORNADA DE JOCS AVAC<\/span><\/strong> del curs 2021-2022.<\/p>\n<p><a href=\"https:\/\/youtu.be\/cFWvY2CxjTc\" target=\"_blank\" rel=\"noopener\">Qu\u00e8 \u00e9s l&#8217;AVAC?<\/a><a href=\"https:\/\/agora.xtec.cat\/ceiplajota\/wp-content\/uploads\/usu1571\/2022\/06\/Que-es-AVAC.png\"><img loading=\"lazy\" decoding=\"async\" class=\"aligncenter size-full wp-image-4877\" src=\"https:\/\/agora.xtec.cat\/ceiplajota\/wp-content\/uploads\/usu1571\/2022\/06\/Que-es-AVAC.png\" alt=\"\" width=\"377\" height=\"607\" srcset=\"https:\/\/agora.xtec.cat\/ceiplajota\/wp-content\/uploads\/usu1571\/2022\/06\/Que-es-AVAC.png 377w, https:\/\/agora.xtec.cat\/ceiplajota\/wp-content\/uploads\/usu1571\/2022\/06\/Que-es-AVAC-186x300.png 186w\" sizes=\"auto, (max-width: 377px) 100vw, 377px\" \/><\/a>El passat 29 d&#8217;abril de 2022 a l&#8217;escola vam fer la reuni\u00f3 preparat\u00f2ria organitzativa d&#8217;aquesta jornada de jocs. En aquesta reuni\u00f3 moltes fam\u00edlies hi vau poder assistir.<\/p>\n<p>Avui dia 10,\u00a0 <strong><span style=\"color: #339966;\">72\u00a0<\/span><\/strong> familiars dels nostres alumnes heu vingut a participar-hi: \u00e0vies i avis, exmares, exalumnes, mares i pares i germans o germanes. Ha estat tot un \u00e8xit!!!<\/p>\n<p>Donar les<strong><span style=\"color: #339966;\"> gr\u00e0cies a tot@s<\/span> <\/strong>els que hi participeu, venint a l&#8217;escola, portant llimones per fer la llimonada, aportant idees i materials, amb la vostra il\u00b7lusi\u00f3, participaci\u00f3 i implicaci\u00f3 <strong><span style=\"color: #339966;\">FEM ESCOLA.\u00a0<span style=\"color: #000000;\">Recordeu que cal de tota la tribu per educar als petits i petites.\u00a0<\/span><\/span><\/strong><\/p>\n<p><a href=\"https:\/\/agora.xtec.cat\/ceiplajota\/wp-content\/uploads\/usu1571\/2022\/06\/logo.png\"><img loading=\"lazy\" decoding=\"async\" class=\"aligncenter wp-image-4879\" src=\"https:\/\/agora.xtec.cat\/ceiplajota\/wp-content\/uploads\/usu1571\/2022\/06\/logo.png\" alt=\"\" width=\"305\" height=\"235\" srcset=\"https:\/\/agora.xtec.cat\/ceiplajota\/wp-content\/uploads\/usu1571\/2022\/06\/logo.png 451w, https:\/\/agora.xtec.cat\/ceiplajota\/wp-content\/uploads\/usu1571\/2022\/06\/logo-300x231.png 300w\" sizes=\"auto, (max-width: 305px) 100vw, 305px\" \/><\/a><\/p>\n<p>En aquest article hi trobareu les <a href=\"https:\/\/photos.google.com\/u\/1\/share\/AF1QipMyooBAAyXcWcYDMnrAfuz9bsAtK4FSMxXIFsnj0O25Q25AQ5yi3oJDcFx_Rt-CiQ?key=a3lTUGRHWlBxQlFubzFyckNXSUlwWGUtZ1JOQVhB\" target=\"_blank\" rel=\"noopener\">fotografies de la Jornada de Jocs.<\/a><\/p>\n","protected":false},"excerpt":{"rendered":"<p>El divendres dia 10 de juny al llarg de tot el mat\u00ed fem la JORNADA DE JOCS AVAC del curs 2021-2022.<br \/>\n<a href=\"https:\/\/youtu.be\/cFWvY2CxjTc\" target=\"_blank\" rel=\"noopener\">Qu\u00e8 \u00e9s l&#8217;AVAC?<\/a><a href=\"https:\/\/agora.xtec.cat\/ceiplajota\/wp-content\/uploads\/usu1571\/2022\/06\/Que-es-AVAC.png\"><\/a>El passat 29 d&#8217;abril de 2022 a l&#8217;escola vam fer la reuni\u00f3 preparat\u00f2ria organitzativa d&#8217;aquesta jornada de jocs. En&hellip;  <a href=\"https:\/\/agora.xtec.cat\/ceiplajota\/general\/jornada-de-jocs-avac-2022\/\" title=\"Read JORNADA DE JOCS AVAC 2022\">Llegeix m\u00e9s\u00bb<\/a><\/p>\n","protected":false},"author":1,"featured_media":4880,"comment_status":"open","ping_status":"closed","sticky":false,"template":"","format":"standard","meta":{"_bbp_topic_count":0,"_bbp_reply_count":0,"_bbp_total_topic_count":0,"_bbp_total_reply_count":0,"_bbp_voice_count":0,"_bbp_anonymous_reply_count":0,"_bbp_topic_count_hidden":0,"_bbp_reply_count_hidden":0,"_bbp_forum_subforum_count":0,"footnotes":""},"categories":[1],"tags":[],"class_list":["post-4876","post","type-post","status-publish","format-standard","has-post-thumbnail","hentry","category-general"],"post_mailing_queue_ids":[],"_links":{"self":[{"href":"https:\/\/agora.xtec.cat\/ceiplajota\/wp-json\/wp\/v2\/posts\/4876","targetHints":{"allow":["GET"]}}],"collection":[{"href":"https:\/\/agora.xtec.cat\/ceiplajota\/wp-json\/wp\/v2\/posts"}],"about":[{"href":"https:\/\/agora.xtec.cat\/ceiplajota\/wp-json\/wp\/v2\/types\/post"}],"author":[{"embeddable":true,"href":"https:\/\/agora.xtec.cat\/ceiplajota\/wp-json\/wp\/v2\/users\/1"}],"replies":[{"embeddable":true,"href":"https:\/\/agora.xtec.cat\/ceiplajota\/wp-json\/wp\/v2\/comments?post=4876"}],"version-history":[{"count":3,"href":"https:\/\/agora.xtec.cat\/ceiplajota\/wp-json\/wp\/v2\/posts\/4876\/revisions"}],"predecessor-version":[{"id":4887,"href":"https:\/\/agora.xtec.cat\/ceiplajota\/wp-json\/wp\/v2\/posts\/4876\/revisions\/4887"}],"wp:featuredmedia":[{"embeddable":true,"href":"https:\/\/agora.xtec.cat\/ceiplajota\/wp-json\/wp\/v2\/media\/4880"}],"wp:attachment":[{"href":"https:\/\/agora.xtec.cat\/ceiplajota\/wp-json\/wp\/v2\/media?parent=4876"}],"wp:term":[{"taxonomy":"category","embeddable":true,"href":"https:\/\/agora.xtec.cat\/ceiplajota\/wp-json\/wp\/v2\/categories?post=4876"},{"taxonomy":"post_tag","embeddable":true,"href":"https:\/\/agora.xtec.cat\/ceiplajota\/wp-json\/wp\/v2\/tags?post=4876"}],"curies":[{"name":"wp","href":"https:\/\/api.w.org\/{rel}","templated":true}]}}