{"id":4871,"date":"2022-06-09T15:28:08","date_gmt":"2022-06-09T13:28:08","guid":{"rendered":"https:\/\/agora.xtec.cat\/ceiplajota\/?p=4871"},"modified":"2022-06-09T15:28:08","modified_gmt":"2022-06-09T13:28:08","slug":"taller-de-dansa","status":"publish","type":"post","link":"https:\/\/agora.xtec.cat\/ceiplajota\/general\/taller-de-dansa\/","title":{"rendered":"Taller de dansa"},"content":{"rendered":"<p>Els sentiments i les emocions no nom\u00e9s es poden expressar amb paraules, a trav\u00e9s del cos, dels moviments i els gestos tamb\u00e9 expressem all\u00f2 que sentim. I els infants sobretot, tenen la capacitat d&#8217;expressar-ho de moltes maneres, a trav\u00e9s del joc, del dibuix, l&#8217;experimentaci\u00f3<span class=\"hiddenGrammarError\">, etc<\/span>.<\/p>\n<p>El passat divendres, els alumnes de 2n de prim\u00e0ria van poder gaudir d&#8217;un taller de dansa a c\u00e0rrec d&#8217;<span class=\"hiddenSpellError\">Arantza<\/span>\u00a0L\u00f3pez, creadora esc\u00e8nica, ballarina i\u00a0<span class=\"hiddenSpellError\">performer<\/span>.<\/p>\n<p>En el taller els nens i nenes van poder\u00a0<span class=\"hiddenGreenError\" style=\"padding-bottom: 2px; background-image: url('..\/..\/..\/..\/..\/images\/squiggle_green.png'); background-repeat: repeat-x; background-position: left bottom; cursor: default; color: #000000; font-family: 'Open Sans', Helvetica, Arial, sans-serif; font-size: 16px; font-style: normal; font-variant-ligatures: normal; font-variant-caps: normal; font-weight: 300; letter-spacing: normal; orphans: 2; text-align: start; text-indent: 0px; text-transform: none; white-space: normal; widows: 2; word-spacing: 0px; -webkit-text-stroke-width: 0px; text-decoration-thickness: initial; text-decoration-style: initial; text-decoration-color: initial;\">gaudir<\/span> d&#8217;una sessi\u00f3 d&#8217;expressi\u00f3 corporal, centrat b\u00e0sicament en la disciplina de dansa contempor\u00e0nia. A trav\u00e9s del moviment de diferents parts del cos, expressaven el que la m\u00fasica els feia sentir.<\/p>\n<p><img decoding=\"async\" class=\"aligncenter\" src=\"https:\/\/www.dansacat.org\/wp-content\/uploads\/2018\/05\/ArantzaLopez1.jpg\" alt=\"Arantza L\u00f3pez Medina - APdC\" \/><\/p>\n<p>&nbsp;<\/p>\n<p><a href=\"https:\/\/photos.app.goo.gl\/S4vjLvpcTis2q9eZ6\">Recull de fotografies<\/a><\/p>\n<p>&nbsp;<\/p>\n","protected":false},"excerpt":{"rendered":"<p>Els sentiments i les emocions no nom\u00e9s es poden expressar amb paraules, a trav\u00e9s del cos, dels moviments i els gestos tamb\u00e9 expressem all\u00f2 que sentim. I els infants sobretot, tenen la capacitat d&#8217;expressar-ho de moltes maneres, a trav\u00e9s del joc, del dibuix, l&#8217;experimentaci\u00f3, etc.<br \/>\nEl&hellip;  <a href=\"https:\/\/agora.xtec.cat\/ceiplajota\/general\/taller-de-dansa\/\" title=\"Read Taller de dansa\">Llegeix m\u00e9s\u00bb<\/a><\/p>\n","protected":false},"author":34,"featured_media":4872,"comment_status":"open","ping_status":"closed","sticky":false,"template":"","format":"standard","meta":{"_bbp_topic_count":0,"_bbp_reply_count":0,"_bbp_total_topic_count":0,"_bbp_total_reply_count":0,"_bbp_voice_count":0,"_bbp_anonymous_reply_count":0,"_bbp_topic_count_hidden":0,"_bbp_reply_count_hidden":0,"_bbp_forum_subforum_count":0,"footnotes":""},"categories":[1],"tags":[],"class_list":["post-4871","post","type-post","status-publish","format-standard","has-post-thumbnail","hentry","category-general"],"post_mailing_queue_ids":[],"_links":{"self":[{"href":"https:\/\/agora.xtec.cat\/ceiplajota\/wp-json\/wp\/v2\/posts\/4871","targetHints":{"allow":["GET"]}}],"collection":[{"href":"https:\/\/agora.xtec.cat\/ceiplajota\/wp-json\/wp\/v2\/posts"}],"about":[{"href":"https:\/\/agora.xtec.cat\/ceiplajota\/wp-json\/wp\/v2\/types\/post"}],"author":[{"embeddable":true,"href":"https:\/\/agora.xtec.cat\/ceiplajota\/wp-json\/wp\/v2\/users\/34"}],"replies":[{"embeddable":true,"href":"https:\/\/agora.xtec.cat\/ceiplajota\/wp-json\/wp\/v2\/comments?post=4871"}],"version-history":[{"count":2,"href":"https:\/\/agora.xtec.cat\/ceiplajota\/wp-json\/wp\/v2\/posts\/4871\/revisions"}],"predecessor-version":[{"id":4874,"href":"https:\/\/agora.xtec.cat\/ceiplajota\/wp-json\/wp\/v2\/posts\/4871\/revisions\/4874"}],"wp:featuredmedia":[{"embeddable":true,"href":"https:\/\/agora.xtec.cat\/ceiplajota\/wp-json\/wp\/v2\/media\/4872"}],"wp:attachment":[{"href":"https:\/\/agora.xtec.cat\/ceiplajota\/wp-json\/wp\/v2\/media?parent=4871"}],"wp:term":[{"taxonomy":"category","embeddable":true,"href":"https:\/\/agora.xtec.cat\/ceiplajota\/wp-json\/wp\/v2\/categories?post=4871"},{"taxonomy":"post_tag","embeddable":true,"href":"https:\/\/agora.xtec.cat\/ceiplajota\/wp-json\/wp\/v2\/tags?post=4871"}],"curies":[{"name":"wp","href":"https:\/\/api.w.org\/{rel}","templated":true}]}}