{"id":4865,"date":"2022-06-09T06:28:07","date_gmt":"2022-06-09T04:28:07","guid":{"rendered":"https:\/\/agora.xtec.cat\/ceiplajota\/?p=4865"},"modified":"2022-06-09T06:43:39","modified_gmt":"2022-06-09T04:43:39","slug":"la-clika","status":"publish","type":"post","link":"https:\/\/agora.xtec.cat\/ceiplajota\/general\/la-clika\/","title":{"rendered":"LA CLIKA"},"content":{"rendered":"<p>Dimecres dia 8 de juny nenes i nens de 2n, acompanyats de mestres, han participat per primer cop a LA CLIKA.<\/p>\n<p><span style=\"font-weight: 400;\">La cantata de la Clika \u00e9s un projecte impulsat per Les Cases de la M\u00fasica que pret\u00e9n generar afici\u00f3 per la m\u00fasica, apropar les arts esc\u00e8niques a les escoles i treballar valors universals com la solidaritat, la comunitat o la diversitat.\u00a0<\/span><\/p>\n<p><span style=\"font-weight: 400;\">Consisteix en l&#8217;aprenentatge escolar d&#8217;una cantata que s&#8217;interpreta pels alumnes a final de curs en m\u00faltiples teatres del territori. Infants i mestres treballen conjuntament les can\u00e7ons de la cantata per tal d&#8217;interioritzar l&#8217;univers musical i de valors creat per La Clika.\u00a0<\/span><\/p>\n<p><span style=\"font-weight: 400;\">La cantata es composa d&#8217; 11 can\u00e7ons composades i creades per components dels grups <\/span><i><span style=\"font-weight: 400;\">Xiula<\/span><\/i><span style=\"font-weight: 400;\">, <\/span><i><span style=\"font-weight: 400;\">Gertrudis<\/span><\/i><span style=\"font-weight: 400;\"> i <\/span><i><span style=\"font-weight: 400;\">XerrameQ <\/span><\/i><span style=\"font-weight: 400;\">que parlen de valors universals com l&#8217;autoestima, l&#8217;amistat, l&#8217;ecologisme, la igualtat de g\u00e8nere o la cooperaci\u00f3.\u00a0<\/span><\/p>\n<p>L&#8217;alumnat de 2n curs ha anat al Teatre de La Farandula de Sabadell i les fam\u00edlies hi han pogut assistir i gaudir de l&#8217;espectacle.<\/p>\n<p>Ho han fet molt b\u00e9. FELICITATS!<\/p>\n<p><a href=\"https:\/\/photos.app.goo.gl\/VoUy7YL79xf9RxTf6\" target=\"_blank\" rel=\"noopener\">Si en vols veure imatges&#8230;<\/a><a href=\"https:\/\/agora.xtec.cat\/ceiplajota\/wp-content\/uploads\/usu1571\/2022\/06\/La-Clika.jpeg\"><img loading=\"lazy\" decoding=\"async\" class=\"aligncenter size-full wp-image-4866\" src=\"https:\/\/agora.xtec.cat\/ceiplajota\/wp-content\/uploads\/usu1571\/2022\/06\/La-Clika.jpeg\" alt=\"\" width=\"450\" height=\"238\" srcset=\"https:\/\/agora.xtec.cat\/ceiplajota\/wp-content\/uploads\/usu1571\/2022\/06\/La-Clika.jpeg 450w, https:\/\/agora.xtec.cat\/ceiplajota\/wp-content\/uploads\/usu1571\/2022\/06\/La-Clika-300x159.jpeg 300w\" sizes=\"auto, (max-width: 450px) 100vw, 450px\" \/><\/a><\/p>\n<p>&nbsp;<\/p>\n","protected":false},"excerpt":{"rendered":"<p>Dimecres dia 8 de juny nenes i nens de 2n, acompanyats de mestres, han participat per primer cop a LA CLIKA.<br \/>\nLa cantata de la Clika \u00e9s un projecte impulsat per Les Cases de la M\u00fasica que pret\u00e9n generar afici\u00f3 per la m\u00fasica, apropar les arts&hellip;  <a href=\"https:\/\/agora.xtec.cat\/ceiplajota\/general\/la-clika\/\" title=\"Read LA CLIKA\">Llegeix m\u00e9s\u00bb<\/a><\/p>\n","protected":false},"author":1,"featured_media":4868,"comment_status":"open","ping_status":"closed","sticky":false,"template":"","format":"standard","meta":{"_bbp_topic_count":0,"_bbp_reply_count":0,"_bbp_total_topic_count":0,"_bbp_total_reply_count":0,"_bbp_voice_count":0,"_bbp_anonymous_reply_count":0,"_bbp_topic_count_hidden":0,"_bbp_reply_count_hidden":0,"_bbp_forum_subforum_count":0,"footnotes":""},"categories":[1],"tags":[],"class_list":["post-4865","post","type-post","status-publish","format-standard","has-post-thumbnail","hentry","category-general"],"post_mailing_queue_ids":[],"_links":{"self":[{"href":"https:\/\/agora.xtec.cat\/ceiplajota\/wp-json\/wp\/v2\/posts\/4865","targetHints":{"allow":["GET"]}}],"collection":[{"href":"https:\/\/agora.xtec.cat\/ceiplajota\/wp-json\/wp\/v2\/posts"}],"about":[{"href":"https:\/\/agora.xtec.cat\/ceiplajota\/wp-json\/wp\/v2\/types\/post"}],"author":[{"embeddable":true,"href":"https:\/\/agora.xtec.cat\/ceiplajota\/wp-json\/wp\/v2\/users\/1"}],"replies":[{"embeddable":true,"href":"https:\/\/agora.xtec.cat\/ceiplajota\/wp-json\/wp\/v2\/comments?post=4865"}],"version-history":[{"count":3,"href":"https:\/\/agora.xtec.cat\/ceiplajota\/wp-json\/wp\/v2\/posts\/4865\/revisions"}],"predecessor-version":[{"id":4870,"href":"https:\/\/agora.xtec.cat\/ceiplajota\/wp-json\/wp\/v2\/posts\/4865\/revisions\/4870"}],"wp:featuredmedia":[{"embeddable":true,"href":"https:\/\/agora.xtec.cat\/ceiplajota\/wp-json\/wp\/v2\/media\/4868"}],"wp:attachment":[{"href":"https:\/\/agora.xtec.cat\/ceiplajota\/wp-json\/wp\/v2\/media?parent=4865"}],"wp:term":[{"taxonomy":"category","embeddable":true,"href":"https:\/\/agora.xtec.cat\/ceiplajota\/wp-json\/wp\/v2\/categories?post=4865"},{"taxonomy":"post_tag","embeddable":true,"href":"https:\/\/agora.xtec.cat\/ceiplajota\/wp-json\/wp\/v2\/tags?post=4865"}],"curies":[{"name":"wp","href":"https:\/\/api.w.org\/{rel}","templated":true}]}}