{"id":4846,"date":"2022-06-02T20:37:43","date_gmt":"2022-06-02T18:37:43","guid":{"rendered":"https:\/\/agora.xtec.cat\/ceiplajota\/?p=4846"},"modified":"2022-06-26T23:00:09","modified_gmt":"2022-06-26T21:00:09","slug":"digiplanetarium","status":"publish","type":"post","link":"https:\/\/agora.xtec.cat\/ceiplajota\/general\/digiplanetarium\/","title":{"rendered":"DIGIPLANETARIUM"},"content":{"rendered":"<p><a href=\"https:\/\/agora.xtec.cat\/ceiplajota\/wp-content\/uploads\/usu1571\/2022\/06\/Digiplanetarium-titol.png\"><img loading=\"lazy\" decoding=\"async\" class=\"aligncenter size-full wp-image-4847\" src=\"https:\/\/agora.xtec.cat\/ceiplajota\/wp-content\/uploads\/usu1571\/2022\/06\/Digiplanetarium-titol.png\" alt=\"\" width=\"716\" height=\"67\" srcset=\"https:\/\/agora.xtec.cat\/ceiplajota\/wp-content\/uploads\/usu1571\/2022\/06\/Digiplanetarium-titol.png 716w, https:\/\/agora.xtec.cat\/ceiplajota\/wp-content\/uploads\/usu1571\/2022\/06\/Digiplanetarium-titol-300x28.png 300w\" sizes=\"auto, (max-width: 716px) 100vw, 716px\" \/><\/a><\/p>\n<p>Dimarts dia 31 de maig , dimecres dia 1 i dijous dia 2 de juny hem tingut al pavell\u00f3 de l&#8217;escola el <a href=\"https:\/\/photos.app.goo.gl\/BC756JjhczqtQx3F9\" target=\"_blank\" rel=\"noopener\"><strong><span style=\"color: #ff0000;\">DIGIPLANETARIUM<\/span><\/strong>. <\/a>Clica a sobre<\/p>\n<p>Qu\u00e8 \u00e9s? El DIGIPLANETARIUM \u00e9s un planetari m\u00f2bil digital on els alumnes han pogut gaudir d&#8217;una experi\u00e8ncia magn\u00edfica treballant aspectes de la Finestra Oberta al M\u00f3n , el projecte de l&#8217;escola d&#8217;aquests curs : <strong><span style=\"color: #ff0000;\">L&#8217;ESPAI.<\/span><\/strong><\/p>\n<p>Qu\u00e8 hem volgut treballar i aprendre amb aquesta activitat?<\/p>\n<ul>\n<li>Promoure i motivar el coneixement astron\u00f2mic.<\/li>\n<li>Iniciar i motivar els alumnes\u00a0 en el coneixement del Cosmos.<\/li>\n<li>Complementar els coneixements que s\u2019imparteixen a les aules.<\/li>\n<\/ul>\n<ul>\n<li style=\"font-weight: 400;\" aria-level=\"1\"><span style=\"font-weight: 400;\">Educaci\u00f3 Infantil 3, 4 i 5 anys<\/span><span style=\"font-weight: 400;\">: L&#8217;espai. Els astronautes.<\/span><\/li>\n<li style=\"font-weight: 400;\" aria-level=\"1\"><span style=\"font-weight: 400;\">Cicle Inicial, 1r i 2n de prim\u00e0ria<\/span><span style=\"font-weight: 400;\">: El sistema solar.<\/span><\/li>\n<li style=\"font-weight: 400;\" aria-level=\"1\"><span style=\"font-weight: 400;\">cicle Mitj\u00e0, 3r i 4t de prim\u00e0ria:<\/span><span style=\"font-weight: 400;\"> Eclipsis, forats negres, dist\u00e0ncies entre planetes, vida extraterrestre.<\/span><\/li>\n<li style=\"font-weight: 400;\" aria-level=\"1\"><span style=\"font-weight: 400;\">Cicle Superior, 5\u00e8 i 6\u00e8 de prim\u00e0ria:<\/span><span style=\"font-weight: 400;\"> Elements de l&#8217;univers: estrelles, gal\u00e0xies, planetes, sat\u00e8l.lits, nebuloses, constel.lacions, asteroides, forats negres.<\/span><\/li>\n<\/ul>\n<p>A m\u00e9s a m\u00e9s:<\/p>\n<ul>\n<li>Sensibilitzar els alumnes en la preservaci\u00f3 del medi ambient.<\/li>\n<li>Desenvolupar el pensament l\u00f2gic, el raonament i la visualitzaci\u00f3 espacial mitjan\u00e7ant canvis de punt de vista i sistemes de refer\u00e8ncia.<\/li>\n<\/ul>\n<p style=\"text-align: left;\"><a href=\"https:\/\/agora.xtec.cat\/ceiplajota\/wp-content\/uploads\/usu1571\/2022\/06\/Planetari-mobil.png\"><img loading=\"lazy\" decoding=\"async\" class=\"size-full wp-image-4850 alignleft\" src=\"https:\/\/agora.xtec.cat\/ceiplajota\/wp-content\/uploads\/usu1571\/2022\/06\/Planetari-mobil.png\" alt=\"\" width=\"333\" height=\"210\" srcset=\"https:\/\/agora.xtec.cat\/ceiplajota\/wp-content\/uploads\/usu1571\/2022\/06\/Planetari-mobil.png 333w, https:\/\/agora.xtec.cat\/ceiplajota\/wp-content\/uploads\/usu1571\/2022\/06\/Planetari-mobil-300x189.png 300w\" sizes=\"auto, (max-width: 333px) 100vw, 333px\" \/><\/a><\/p>\n<p>\u00a0 Les sessions han esta tot un \u00e8xit. <span style=\"color: #000000;\"><strong>Podeu veure les fotografies. <span style=\"color: #008000;\"><a href=\"https:\/\/photos.app.goo.gl\/qZzWCtvtYqFZ68b67\" target=\"_blank\" rel=\"noopener\">Educaci\u00f3 Infantil\u00a0<\/a> \u00a0 \u00a0<a href=\"https:\/\/photos.app.goo.gl\/5MZSZaAdM9tmkcfd6\" target=\"_blank\" rel=\"noopener\">Cicle Inicial<\/a>\u00a0 \u00a0 \u00a0<a href=\"https:\/\/photos.app.goo.gl\/EoXoFs9aKvDprkKV6\" target=\"_blank\" rel=\"noopener\">Cicle Mitj\u00e0\u00a0<\/a> \u00a0 \u00a0<a href=\"https:\/\/photos.app.goo.gl\/zxPAw6vdHeovCpoU9\" target=\"_blank\" rel=\"noopener\">Cicle Superior\u00a0<\/a><\/span><\/strong><\/span><\/p>\n<p>&nbsp;<\/p>\n<p>&nbsp;<\/p>\n<p>&nbsp;<\/p>\n<p>&nbsp;<\/p>\n<p>&nbsp;<\/p>\n<p>Aquesta \u00e9s una de les activitats d&#8217;aquest curs 2021-22 que l&#8217;Escola La Jota ha realitzat dins del <strong>PMOE<\/strong>, Pla de millora d&#8217;oportunitats educatives. \u00c9s una mesura adoptada pel Departament d&#8217;Educaci\u00f3 per pal\u00b7liar els efectes desfavorables de la covid-19. T\u00e9 com a objectiu refor\u00e7ar els centres educatius per compensar l&#8217;impacte de la pand\u00e8mia i l&#8217;increment de les necessitats i desigualtats educatives, millorant les oportunitats educatives dels alumnes i refor\u00e7ant el suport a les fam\u00edlies.<\/p>\n<p><a href=\"https:\/\/agora.xtec.cat\/ceiplajota\/wp-content\/uploads\/usu1571\/2022\/06\/Financat.png\"><img loading=\"lazy\" decoding=\"async\" class=\"aligncenter size-full wp-image-4937\" src=\"https:\/\/agora.xtec.cat\/ceiplajota\/wp-content\/uploads\/usu1571\/2022\/06\/Financat.png\" alt=\"\" width=\"1024\" height=\"127\" srcset=\"https:\/\/agora.xtec.cat\/ceiplajota\/wp-content\/uploads\/usu1571\/2022\/06\/Financat.png 1024w, https:\/\/agora.xtec.cat\/ceiplajota\/wp-content\/uploads\/usu1571\/2022\/06\/Financat-300x37.png 300w, https:\/\/agora.xtec.cat\/ceiplajota\/wp-content\/uploads\/usu1571\/2022\/06\/Financat-768x95.png 768w\" sizes=\"auto, (max-width: 1024px) 100vw, 1024px\" \/><\/a><\/p>\n","protected":false},"excerpt":{"rendered":"<p><a href=\"https:\/\/agora.xtec.cat\/ceiplajota\/wp-content\/uploads\/usu1571\/2022\/06\/Digiplanetarium-titol.png\"><\/a><br \/>\nDimarts dia 31 de maig , dimecres dia 1 i dijous dia 2 de juny hem tingut al pavell\u00f3 de l&#8217;escola el <a href=\"https:\/\/photos.app.goo.gl\/BC756JjhczqtQx3F9\" target=\"_blank\" rel=\"noopener\">DIGIPLANETARIUM. <\/a>Clica a sobre<br \/>\nQu\u00e8 \u00e9s? El DIGIPLANETARIUM \u00e9s un planetari m\u00f2bil digital on els alumnes han pogut gaudir d&#8217;una&hellip;  <a href=\"https:\/\/agora.xtec.cat\/ceiplajota\/general\/digiplanetarium\/\" title=\"Read DIGIPLANETARIUM\">Llegeix m\u00e9s\u00bb<\/a><\/p>\n","protected":false},"author":1,"featured_media":4848,"comment_status":"open","ping_status":"closed","sticky":false,"template":"","format":"standard","meta":{"_bbp_topic_count":0,"_bbp_reply_count":0,"_bbp_total_topic_count":0,"_bbp_total_reply_count":0,"_bbp_voice_count":0,"_bbp_anonymous_reply_count":0,"_bbp_topic_count_hidden":0,"_bbp_reply_count_hidden":0,"_bbp_forum_subforum_count":0,"footnotes":""},"categories":[1],"tags":[],"class_list":["post-4846","post","type-post","status-publish","format-standard","has-post-thumbnail","hentry","category-general"],"post_mailing_queue_ids":[],"_links":{"self":[{"href":"https:\/\/agora.xtec.cat\/ceiplajota\/wp-json\/wp\/v2\/posts\/4846","targetHints":{"allow":["GET"]}}],"collection":[{"href":"https:\/\/agora.xtec.cat\/ceiplajota\/wp-json\/wp\/v2\/posts"}],"about":[{"href":"https:\/\/agora.xtec.cat\/ceiplajota\/wp-json\/wp\/v2\/types\/post"}],"author":[{"embeddable":true,"href":"https:\/\/agora.xtec.cat\/ceiplajota\/wp-json\/wp\/v2\/users\/1"}],"replies":[{"embeddable":true,"href":"https:\/\/agora.xtec.cat\/ceiplajota\/wp-json\/wp\/v2\/comments?post=4846"}],"version-history":[{"count":4,"href":"https:\/\/agora.xtec.cat\/ceiplajota\/wp-json\/wp\/v2\/posts\/4846\/revisions"}],"predecessor-version":[{"id":4939,"href":"https:\/\/agora.xtec.cat\/ceiplajota\/wp-json\/wp\/v2\/posts\/4846\/revisions\/4939"}],"wp:featuredmedia":[{"embeddable":true,"href":"https:\/\/agora.xtec.cat\/ceiplajota\/wp-json\/wp\/v2\/media\/4848"}],"wp:attachment":[{"href":"https:\/\/agora.xtec.cat\/ceiplajota\/wp-json\/wp\/v2\/media?parent=4846"}],"wp:term":[{"taxonomy":"category","embeddable":true,"href":"https:\/\/agora.xtec.cat\/ceiplajota\/wp-json\/wp\/v2\/categories?post=4846"},{"taxonomy":"post_tag","embeddable":true,"href":"https:\/\/agora.xtec.cat\/ceiplajota\/wp-json\/wp\/v2\/tags?post=4846"}],"curies":[{"name":"wp","href":"https:\/\/api.w.org\/{rel}","templated":true}]}}