{"id":4829,"date":"2022-05-19T14:16:41","date_gmt":"2022-05-19T12:16:41","guid":{"rendered":"https:\/\/agora.xtec.cat\/ceiplajota\/?p=4829"},"modified":"2022-05-19T14:16:41","modified_gmt":"2022-05-19T12:16:41","slug":"sortida-p5-can-juliana","status":"publish","type":"post","link":"https:\/\/agora.xtec.cat\/ceiplajota\/general\/sortida-p5-can-juliana\/","title":{"rendered":"SORTIDA P5 CAN JULIANA"},"content":{"rendered":"<p>Els nens i les nenes de P5 hem anat d&#8217;excursi\u00f3 a Can Juliana (a Castellar del Vall\u00e8s).<\/p>\n<p>Can Juliana \u00e9s un espai on es duguen a terme activitats de lleure, esportives i culturals.<\/p>\n<p>Ens ho hem passat d&#8217;all\u00f2 m\u00e9s b\u00e9!, hem fet molt d&#8217;esport i ens hem pogut refrescar una mica perqu\u00e8 feia un dia molt calor\u00f3s!<\/p>\n<p>Aqu\u00ed us deixem un recull de fotos de com va anar l&#8217;excursi\u00f3. (cliqueu al dibuix).<\/p>\n<div class=\"bRMDJf islir\" tabindex=\"0\" role=\"button\"><a href=\"https:\/\/photos.app.goo.gl\/N25jkEBCT4Xfvm4t8\"><img loading=\"lazy\" decoding=\"async\" class=\"n3VNCb KAlRDb aligncenter\" src=\"https:\/\/www.espaigut.com\/wp-content\/uploads\/2019\/07\/Sin-t%C3%ADtulo.jpg\" alt=\"L'esport en la infantesa i en l'adolesc\u00e8ncia \u00b7 Espai Gut\" width=\"564\" height=\"312\" data-noaft=\"1\" \/><\/a><\/div>\n<div tabindex=\"0\" role=\"button\"><\/div>\n<div tabindex=\"0\" role=\"button\"><\/div>\n<div class=\"c7cjWc mvjhOe\"><\/div>\n<div class=\"bRMDJf islir\" tabindex=\"0\" role=\"button\"><\/div>\n<div class=\"c7cjWc mvjhOe\"><\/div>\n","protected":false},"excerpt":{"rendered":"<p>Els nens i les nenes de P5 hem anat d&#8217;excursi\u00f3 a Can Juliana (a Castellar del Vall\u00e8s).<br \/>\nCan Juliana \u00e9s un espai on es duguen a terme activitats de lleure, esportives i culturals.<br \/>\nEns ho hem passat d&#8217;all\u00f2 m\u00e9s b\u00e9!, hem fet molt d&#8217;esport i ens hem&hellip;  <a href=\"https:\/\/agora.xtec.cat\/ceiplajota\/general\/sortida-p5-can-juliana\/\" title=\"Read SORTIDA P5 CAN JULIANA\">Llegeix m\u00e9s\u00bb<\/a><\/p>\n","protected":false},"author":34,"featured_media":0,"comment_status":"open","ping_status":"closed","sticky":false,"template":"","format":"standard","meta":{"_bbp_topic_count":0,"_bbp_reply_count":0,"_bbp_total_topic_count":0,"_bbp_total_reply_count":0,"_bbp_voice_count":0,"_bbp_anonymous_reply_count":0,"_bbp_topic_count_hidden":0,"_bbp_reply_count_hidden":0,"_bbp_forum_subforum_count":0,"footnotes":""},"categories":[1,2],"tags":[],"class_list":["post-4829","post","type-post","status-publish","format-standard","hentry","category-general","category-infantil"],"post_mailing_queue_ids":[],"_links":{"self":[{"href":"https:\/\/agora.xtec.cat\/ceiplajota\/wp-json\/wp\/v2\/posts\/4829","targetHints":{"allow":["GET"]}}],"collection":[{"href":"https:\/\/agora.xtec.cat\/ceiplajota\/wp-json\/wp\/v2\/posts"}],"about":[{"href":"https:\/\/agora.xtec.cat\/ceiplajota\/wp-json\/wp\/v2\/types\/post"}],"author":[{"embeddable":true,"href":"https:\/\/agora.xtec.cat\/ceiplajota\/wp-json\/wp\/v2\/users\/34"}],"replies":[{"embeddable":true,"href":"https:\/\/agora.xtec.cat\/ceiplajota\/wp-json\/wp\/v2\/comments?post=4829"}],"version-history":[{"count":3,"href":"https:\/\/agora.xtec.cat\/ceiplajota\/wp-json\/wp\/v2\/posts\/4829\/revisions"}],"predecessor-version":[{"id":4834,"href":"https:\/\/agora.xtec.cat\/ceiplajota\/wp-json\/wp\/v2\/posts\/4829\/revisions\/4834"}],"wp:attachment":[{"href":"https:\/\/agora.xtec.cat\/ceiplajota\/wp-json\/wp\/v2\/media?parent=4829"}],"wp:term":[{"taxonomy":"category","embeddable":true,"href":"https:\/\/agora.xtec.cat\/ceiplajota\/wp-json\/wp\/v2\/categories?post=4829"},{"taxonomy":"post_tag","embeddable":true,"href":"https:\/\/agora.xtec.cat\/ceiplajota\/wp-json\/wp\/v2\/tags?post=4829"}],"curies":[{"name":"wp","href":"https:\/\/api.w.org\/{rel}","templated":true}]}}