{"id":4815,"date":"2022-05-15T12:52:35","date_gmt":"2022-05-15T10:52:35","guid":{"rendered":"https:\/\/agora.xtec.cat\/ceiplajota\/?p=4815"},"modified":"2022-05-15T12:56:37","modified_gmt":"2022-05-15T10:56:37","slug":"colonies-2022","status":"publish","type":"post","link":"https:\/\/agora.xtec.cat\/ceiplajota\/general\/colonies-2022\/","title":{"rendered":"COL\u00d2NIES 2022"},"content":{"rendered":"<p><a href=\"https:\/\/agora.xtec.cat\/ceiplajota\/wp-content\/uploads\/usu1571\/2022\/05\/tiana.jpg\"><img loading=\"lazy\" decoding=\"async\" class=\"alignnone size-large wp-image-4816\" src=\"https:\/\/agora.xtec.cat\/ceiplajota\/wp-content\/uploads\/usu1571\/2022\/05\/tiana-1024x258.jpg\" alt=\"\" width=\"1024\" height=\"258\" \/><\/a><\/p>\n<p>El dilluns 16 de maig els nens i les nenes de Prim\u00e0ria marxen de Col\u00f2nies a <span class=\"negre-negreta\">La Conreria, a <\/span>Tiana (El Maresme). All\u00e0 gaudiran durant tres dies d`un munt d`activitats ben engrescadores. Clicant podreu veure les diferents activitats de cada cicle.<\/p>\n<ul>\n<li><a href=\"https:\/\/www.peretarres.org\/arxius\/scv\/colonies-escolars\/cicle-inicial-la-conreria.pdf\">CICLE INICIAL<\/a><\/li>\n<li><a href=\"https:\/\/www.peretarres.org\/arxius\/scv\/colonies-escolars\/cicle-mitja-la-conreria.pdf\">CICLE MITJ\u00c0<\/a><\/li>\n<li><a href=\"https:\/\/www.peretarres.org\/arxius\/scv\/colonies-escolars\/cicle-superior-la-conreria.pdf\">CICLE SUPERIOR<\/a><\/li>\n<\/ul>\n<p>En aquest article tamb\u00e9 podreu veure les fotografies dels alumnes que han anat de col\u00f2nies. Els i les mestres aniran penjat di\u00e0riament les imatges d\u2019aquells moments m\u00e9s especials i de les activitats m\u00e9s destacades que fan els nens i nenes.<\/p>\n<p>Feu clic sobre el curs que voleu veure.<\/p>\n<p><a href=\"https:\/\/photos.app.goo.gl\/8ahkixp1y3ecbKAe7\"><img loading=\"lazy\" decoding=\"async\" class=\"alignnone wp-image-3911\" src=\"https:\/\/agora.xtec.cat\/ceiplajota\/wp-content\/uploads\/usu1571\/2021\/05\/1er.jpg\" alt=\"\" width=\"200\" height=\"285\" srcset=\"https:\/\/agora.xtec.cat\/ceiplajota\/wp-content\/uploads\/usu1571\/2021\/05\/1er.jpg 434w, https:\/\/agora.xtec.cat\/ceiplajota\/wp-content\/uploads\/usu1571\/2021\/05\/1er-210x300.jpg 210w\" sizes=\"auto, (max-width: 200px) 100vw, 200px\" \/>\u00a0 \u00a0 \u00a0<\/a><a href=\"https:\/\/photos.app.goo.gl\/JKgLxjuCbrkacYos8\"><img loading=\"lazy\" decoding=\"async\" class=\"alignnone wp-image-3912\" src=\"https:\/\/agora.xtec.cat\/ceiplajota\/wp-content\/uploads\/usu1571\/2021\/05\/2n.jpg\" alt=\"\" width=\"200\" height=\"284\" srcset=\"https:\/\/agora.xtec.cat\/ceiplajota\/wp-content\/uploads\/usu1571\/2021\/05\/2n.jpg 436w, https:\/\/agora.xtec.cat\/ceiplajota\/wp-content\/uploads\/usu1571\/2021\/05\/2n-211x300.jpg 211w\" sizes=\"auto, (max-width: 200px) 100vw, 200px\" \/>\u00a0 \u00a0 \u00a0<\/a><a href=\"https:\/\/photos.app.goo.gl\/MEmri6KiqFRLzXw5A\"><img loading=\"lazy\" decoding=\"async\" class=\"alignnone wp-image-3913\" src=\"https:\/\/agora.xtec.cat\/ceiplajota\/wp-content\/uploads\/usu1571\/2021\/05\/3er.jpg\" alt=\"\" width=\"200\" height=\"284\" srcset=\"https:\/\/agora.xtec.cat\/ceiplajota\/wp-content\/uploads\/usu1571\/2021\/05\/3er.jpg 433w, https:\/\/agora.xtec.cat\/ceiplajota\/wp-content\/uploads\/usu1571\/2021\/05\/3er-211x300.jpg 211w\" sizes=\"auto, (max-width: 200px) 100vw, 200px\" \/>\u00a0 \u00a0 \u00a0<\/a><a href=\"https:\/\/photos.app.goo.gl\/TNYc9o4SCFAgr6Fy9\"><img loading=\"lazy\" decoding=\"async\" class=\"alignnone wp-image-3914\" src=\"https:\/\/agora.xtec.cat\/ceiplajota\/wp-content\/uploads\/usu1571\/2021\/05\/4rt.jpg\" alt=\"\" width=\"200\" height=\"285\" srcset=\"https:\/\/agora.xtec.cat\/ceiplajota\/wp-content\/uploads\/usu1571\/2021\/05\/4rt.jpg 434w, https:\/\/agora.xtec.cat\/ceiplajota\/wp-content\/uploads\/usu1571\/2021\/05\/4rt-211x300.jpg 211w\" sizes=\"auto, (max-width: 200px) 100vw, 200px\" \/><\/a><a href=\"https:\/\/agora.xtec.cat\/ceiplajota\/wp-content\/uploads\/usu1571\/2021\/05\/6\u00e8.jpg\">\u00a0 \u00a0 <\/a><a href=\"https:\/\/photos.app.goo.gl\/Lx6F8Sacn4Zida8T9\"><img loading=\"lazy\" decoding=\"async\" class=\"alignnone wp-image-3915\" src=\"https:\/\/agora.xtec.cat\/ceiplajota\/wp-content\/uploads\/usu1571\/2021\/05\/5\u00e8.jpg\" alt=\"\" width=\"200\" height=\"284\" srcset=\"https:\/\/agora.xtec.cat\/ceiplajota\/wp-content\/uploads\/usu1571\/2021\/05\/5\u00e8.jpg 436w, https:\/\/agora.xtec.cat\/ceiplajota\/wp-content\/uploads\/usu1571\/2021\/05\/5\u00e8-211x300.jpg 211w\" sizes=\"auto, (max-width: 200px) 100vw, 200px\" \/><\/a><a href=\"https:\/\/photos.app.goo.gl\/VodNN5PKr5j65FrV6\">\u00a0 \u00a0 \u00a0<img loading=\"lazy\" decoding=\"async\" class=\"alignnone wp-image-3916 \" src=\"https:\/\/agora.xtec.cat\/ceiplajota\/wp-content\/uploads\/usu1571\/2021\/05\/6\u00e8.jpg\" alt=\"\" width=\"200\" height=\"287\" srcset=\"https:\/\/agora.xtec.cat\/ceiplajota\/wp-content\/uploads\/usu1571\/2021\/05\/6\u00e8.jpg 431w, https:\/\/agora.xtec.cat\/ceiplajota\/wp-content\/uploads\/usu1571\/2021\/05\/6\u00e8-209x300.jpg 209w\" sizes=\"auto, (max-width: 200px) 100vw, 200px\" \/><\/a><\/p>\n","protected":false},"excerpt":{"rendered":"<p>El dilluns 16 de maig els nens i les nenes de Prim\u00e0ria marxen de Col\u00f2nies a La Conreria, a Tiana (El Maresme). All\u00e0 gaudiran durant tres dies d`un munt d`activitats ben engrescadores&hellip;  <a href=\"https:\/\/agora.xtec.cat\/ceiplajota\/general\/colonies-2022\/\" title=\"Read COL\u00d2NIES 2022\">Llegeix m\u00e9s\u00bb<\/a><\/p>\n","protected":false},"author":3,"featured_media":4816,"comment_status":"open","ping_status":"closed","sticky":false,"template":"","format":"standard","meta":{"_bbp_topic_count":0,"_bbp_reply_count":0,"_bbp_total_topic_count":0,"_bbp_total_reply_count":0,"_bbp_voice_count":0,"_bbp_anonymous_reply_count":0,"_bbp_topic_count_hidden":0,"_bbp_reply_count_hidden":0,"_bbp_forum_subforum_count":0,"footnotes":""},"categories":[1,5],"tags":[],"class_list":["post-4815","post","type-post","status-publish","format-standard","has-post-thumbnail","hentry","category-general","category-primaria"],"post_mailing_queue_ids":[],"_links":{"self":[{"href":"https:\/\/agora.xtec.cat\/ceiplajota\/wp-json\/wp\/v2\/posts\/4815","targetHints":{"allow":["GET"]}}],"collection":[{"href":"https:\/\/agora.xtec.cat\/ceiplajota\/wp-json\/wp\/v2\/posts"}],"about":[{"href":"https:\/\/agora.xtec.cat\/ceiplajota\/wp-json\/wp\/v2\/types\/post"}],"author":[{"embeddable":true,"href":"https:\/\/agora.xtec.cat\/ceiplajota\/wp-json\/wp\/v2\/users\/3"}],"replies":[{"embeddable":true,"href":"https:\/\/agora.xtec.cat\/ceiplajota\/wp-json\/wp\/v2\/comments?post=4815"}],"version-history":[{"count":3,"href":"https:\/\/agora.xtec.cat\/ceiplajota\/wp-json\/wp\/v2\/posts\/4815\/revisions"}],"predecessor-version":[{"id":4825,"href":"https:\/\/agora.xtec.cat\/ceiplajota\/wp-json\/wp\/v2\/posts\/4815\/revisions\/4825"}],"wp:featuredmedia":[{"embeddable":true,"href":"https:\/\/agora.xtec.cat\/ceiplajota\/wp-json\/wp\/v2\/media\/4816"}],"wp:attachment":[{"href":"https:\/\/agora.xtec.cat\/ceiplajota\/wp-json\/wp\/v2\/media?parent=4815"}],"wp:term":[{"taxonomy":"category","embeddable":true,"href":"https:\/\/agora.xtec.cat\/ceiplajota\/wp-json\/wp\/v2\/categories?post=4815"},{"taxonomy":"post_tag","embeddable":true,"href":"https:\/\/agora.xtec.cat\/ceiplajota\/wp-json\/wp\/v2\/tags?post=4815"}],"curies":[{"name":"wp","href":"https:\/\/api.w.org\/{rel}","templated":true}]}}