{"id":4807,"date":"2022-05-06T16:21:21","date_gmt":"2022-05-06T14:21:21","guid":{"rendered":"https:\/\/agora.xtec.cat\/ceiplajota\/?p=4807"},"modified":"2022-05-06T16:21:21","modified_gmt":"2022-05-06T14:21:21","slug":"fang-i-modelatge-1r","status":"publish","type":"post","link":"https:\/\/agora.xtec.cat\/ceiplajota\/general\/fang-i-modelatge-1r\/","title":{"rendered":"Fang i modelatge (1R)"},"content":{"rendered":"<p><img loading=\"lazy\" decoding=\"async\" class=\"alignnone size-large wp-image-4808\" src=\"https:\/\/agora.xtec.cat\/ceiplajota\/wp-content\/uploads\/usu1571\/2022\/05\/FANG-I-MODELATGE-1024x576.jpg\" alt=\"\" width=\"1024\" height=\"576\" srcset=\"https:\/\/agora.xtec.cat\/ceiplajota\/wp-content\/uploads\/usu1571\/2022\/05\/FANG-I-MODELATGE-1024x576.jpg 1024w, https:\/\/agora.xtec.cat\/ceiplajota\/wp-content\/uploads\/usu1571\/2022\/05\/FANG-I-MODELATGE-300x169.jpg 300w, https:\/\/agora.xtec.cat\/ceiplajota\/wp-content\/uploads\/usu1571\/2022\/05\/FANG-I-MODELATGE-768x432.jpg 768w, https:\/\/agora.xtec.cat\/ceiplajota\/wp-content\/uploads\/usu1571\/2022\/05\/FANG-I-MODELATGE-1536x864.jpg 1536w, https:\/\/agora.xtec.cat\/ceiplajota\/wp-content\/uploads\/usu1571\/2022\/05\/FANG-I-MODELATGE.jpg 1920w\" sizes=\"auto, (max-width: 1024px) 100vw, 1024px\" \/><\/p>\n<p>Els alumnes de 1r estan treballant els diferents tipus d&#8217;habitatges i edificis que hi ha arreu del m\u00f3n, i com s\u00f3n de diferents segons les condicions clim\u00e0tiques i mat\u00e8ries primeres de les quals disposen. A pl\u00e0stica a trav\u00e9s del modelatge de fang han pogut dissenyar algunes d&#8217;aquestes construccions i fins i tot han creat de noves.<\/p>\n<p><a href=\"https:\/\/photos.app.goo.gl\/c7q8JtmPMNTExpn28\">Aqu\u00ed teniu el recull de fotos de les sessions.<\/a><\/p>\n","protected":false},"excerpt":{"rendered":"<p>Els alumnes de 1r estan treballant els diferents tipus d&#8217;habitatges i edificis que hi ha arreu del m\u00f3n, i com s\u00f3n de diferents segons les condicions clim\u00e0tiques i mat\u00e8ries primeres de les quals disposen. A pl\u00e0stica a trav\u00e9s del modelatge de fang han pogut dissenyar&hellip;  <a href=\"https:\/\/agora.xtec.cat\/ceiplajota\/general\/fang-i-modelatge-1r\/\" title=\"Read Fang i modelatge (1R)\">Llegeix m\u00e9s\u00bb<\/a><\/p>\n","protected":false},"author":34,"featured_media":4808,"comment_status":"open","ping_status":"closed","sticky":false,"template":"","format":"standard","meta":{"_bbp_topic_count":0,"_bbp_reply_count":0,"_bbp_total_topic_count":0,"_bbp_total_reply_count":0,"_bbp_voice_count":0,"_bbp_anonymous_reply_count":0,"_bbp_topic_count_hidden":0,"_bbp_reply_count_hidden":0,"_bbp_forum_subforum_count":0,"footnotes":""},"categories":[1],"tags":[82,81,17,70,95],"class_list":["post-4807","post","type-post","status-publish","format-standard","has-post-thumbnail","hentry","category-general","tag-experimentem","tag-fotografies","tag-plastica","tag-primaria","tag-primer"],"post_mailing_queue_ids":[],"_links":{"self":[{"href":"https:\/\/agora.xtec.cat\/ceiplajota\/wp-json\/wp\/v2\/posts\/4807","targetHints":{"allow":["GET"]}}],"collection":[{"href":"https:\/\/agora.xtec.cat\/ceiplajota\/wp-json\/wp\/v2\/posts"}],"about":[{"href":"https:\/\/agora.xtec.cat\/ceiplajota\/wp-json\/wp\/v2\/types\/post"}],"author":[{"embeddable":true,"href":"https:\/\/agora.xtec.cat\/ceiplajota\/wp-json\/wp\/v2\/users\/34"}],"replies":[{"embeddable":true,"href":"https:\/\/agora.xtec.cat\/ceiplajota\/wp-json\/wp\/v2\/comments?post=4807"}],"version-history":[{"count":1,"href":"https:\/\/agora.xtec.cat\/ceiplajota\/wp-json\/wp\/v2\/posts\/4807\/revisions"}],"predecessor-version":[{"id":4809,"href":"https:\/\/agora.xtec.cat\/ceiplajota\/wp-json\/wp\/v2\/posts\/4807\/revisions\/4809"}],"wp:featuredmedia":[{"embeddable":true,"href":"https:\/\/agora.xtec.cat\/ceiplajota\/wp-json\/wp\/v2\/media\/4808"}],"wp:attachment":[{"href":"https:\/\/agora.xtec.cat\/ceiplajota\/wp-json\/wp\/v2\/media?parent=4807"}],"wp:term":[{"taxonomy":"category","embeddable":true,"href":"https:\/\/agora.xtec.cat\/ceiplajota\/wp-json\/wp\/v2\/categories?post=4807"},{"taxonomy":"post_tag","embeddable":true,"href":"https:\/\/agora.xtec.cat\/ceiplajota\/wp-json\/wp\/v2\/tags?post=4807"}],"curies":[{"name":"wp","href":"https:\/\/api.w.org\/{rel}","templated":true}]}}