{"id":4802,"date":"2022-05-06T16:04:14","date_gmt":"2022-05-06T14:04:14","guid":{"rendered":"https:\/\/agora.xtec.cat\/ceiplajota\/?p=4802"},"modified":"2022-05-06T16:05:39","modified_gmt":"2022-05-06T14:05:39","slug":"1r-excursio-al-port-de-vilanova","status":"publish","type":"post","link":"https:\/\/agora.xtec.cat\/ceiplajota\/general\/1r-excursio-al-port-de-vilanova\/","title":{"rendered":"1r. Excursi\u00f3 al port de Vilanova"},"content":{"rendered":"<p><img loading=\"lazy\" decoding=\"async\" class=\"wp-image-4803 aligncenter\" src=\"https:\/\/agora.xtec.cat\/ceiplajota\/wp-content\/uploads\/usu1571\/2022\/05\/Excursio-al-port-de-Vilanova-i-la-Geltru-1024x576.jpg\" alt=\"\" width=\"382\" height=\"215\" srcset=\"https:\/\/agora.xtec.cat\/ceiplajota\/wp-content\/uploads\/usu1571\/2022\/05\/Excursio-al-port-de-Vilanova-i-la-Geltru-1024x576.jpg 1024w, https:\/\/agora.xtec.cat\/ceiplajota\/wp-content\/uploads\/usu1571\/2022\/05\/Excursio-al-port-de-Vilanova-i-la-Geltru-300x169.jpg 300w, https:\/\/agora.xtec.cat\/ceiplajota\/wp-content\/uploads\/usu1571\/2022\/05\/Excursio-al-port-de-Vilanova-i-la-Geltru-768x432.jpg 768w, https:\/\/agora.xtec.cat\/ceiplajota\/wp-content\/uploads\/usu1571\/2022\/05\/Excursio-al-port-de-Vilanova-i-la-Geltru-1536x864.jpg 1536w, https:\/\/agora.xtec.cat\/ceiplajota\/wp-content\/uploads\/usu1571\/2022\/05\/Excursio-al-port-de-Vilanova-i-la-Geltru.jpg 1920w\" sizes=\"auto, (max-width: 382px) 100vw, 382px\" \/>El passat 28 d&#8217;abril els nens i nenes de 1r van anar d&#8217;excursi\u00f3 al port de Vilanova i la Geltr\u00fa. All\u00e0 van poder observar diferents tipus de vaixells i van con\u00e8ixer t\u00e8cniques de pesca i els materials i estris que s&#8217;utilitzen. Tamb\u00e9 van poder veure la llotja on es ven el peix i quin \u00e9s el proc\u00e9s que se segueix des que el peix es pesca fins que arriba a la peixateria.<\/p>\n<p>Despr\u00e9s de la visita del port, van anar a dinar a la platja i all\u00e0 van poder jugar en un espai diferent de l&#8217;habitual. Tot i que vam acabar tots i totes plens de sorra, va ser una estona molt agradable i plena d&#8217;aventures: descobrint petits tresors que trobaven per la sorra, fent forats, castells de sorra<span class=\"hiddenGrammarError\">, etc<\/span>.<\/p>\n<p>Va ser un dia molt divertit!<\/p>\n<p><a href=\"https:\/\/photos.app.goo.gl\/pGYZFfVoGXPMCcVj8\">Aqu\u00ed teniu un recull de fotos<\/a><\/p>\n<p>&nbsp;<\/p>\n","protected":false},"excerpt":{"rendered":"<p>El passat 28 d&#8217;abril els nens i nenes de 1r van anar d&#8217;excursi\u00f3 al port de Vilanova i la Geltr\u00fa. All\u00e0 van poder observar diferents tipus de vaixells i van con\u00e8ixer t\u00e8cniques de pesca i els materials i estris que s&#8217;utilitzen. Tamb\u00e9 van poder veure&hellip;  <a href=\"https:\/\/agora.xtec.cat\/ceiplajota\/general\/1r-excursio-al-port-de-vilanova\/\" title=\"Read 1r. Excursi\u00f3 al port de Vilanova\">Llegeix m\u00e9s\u00bb<\/a><\/p>\n","protected":false},"author":34,"featured_media":4803,"comment_status":"open","ping_status":"closed","sticky":false,"template":"","format":"standard","meta":{"_bbp_topic_count":0,"_bbp_reply_count":0,"_bbp_total_topic_count":0,"_bbp_total_reply_count":0,"_bbp_voice_count":0,"_bbp_anonymous_reply_count":0,"_bbp_topic_count_hidden":0,"_bbp_reply_count_hidden":0,"_bbp_forum_subforum_count":0,"footnotes":""},"categories":[1],"tags":[89,81,70,95,16],"class_list":["post-4802","post","type-post","status-publish","format-standard","has-post-thumbnail","hentry","category-general","tag-ensdivertim","tag-fotografies","tag-primaria","tag-primer","tag-sortides"],"post_mailing_queue_ids":[],"_links":{"self":[{"href":"https:\/\/agora.xtec.cat\/ceiplajota\/wp-json\/wp\/v2\/posts\/4802","targetHints":{"allow":["GET"]}}],"collection":[{"href":"https:\/\/agora.xtec.cat\/ceiplajota\/wp-json\/wp\/v2\/posts"}],"about":[{"href":"https:\/\/agora.xtec.cat\/ceiplajota\/wp-json\/wp\/v2\/types\/post"}],"author":[{"embeddable":true,"href":"https:\/\/agora.xtec.cat\/ceiplajota\/wp-json\/wp\/v2\/users\/34"}],"replies":[{"embeddable":true,"href":"https:\/\/agora.xtec.cat\/ceiplajota\/wp-json\/wp\/v2\/comments?post=4802"}],"version-history":[{"count":3,"href":"https:\/\/agora.xtec.cat\/ceiplajota\/wp-json\/wp\/v2\/posts\/4802\/revisions"}],"predecessor-version":[{"id":4806,"href":"https:\/\/agora.xtec.cat\/ceiplajota\/wp-json\/wp\/v2\/posts\/4802\/revisions\/4806"}],"wp:featuredmedia":[{"embeddable":true,"href":"https:\/\/agora.xtec.cat\/ceiplajota\/wp-json\/wp\/v2\/media\/4803"}],"wp:attachment":[{"href":"https:\/\/agora.xtec.cat\/ceiplajota\/wp-json\/wp\/v2\/media?parent=4802"}],"wp:term":[{"taxonomy":"category","embeddable":true,"href":"https:\/\/agora.xtec.cat\/ceiplajota\/wp-json\/wp\/v2\/categories?post=4802"},{"taxonomy":"post_tag","embeddable":true,"href":"https:\/\/agora.xtec.cat\/ceiplajota\/wp-json\/wp\/v2\/tags?post=4802"}],"curies":[{"name":"wp","href":"https:\/\/api.w.org\/{rel}","templated":true}]}}