{"id":4738,"date":"2022-04-12T23:37:22","date_gmt":"2022-04-12T21:37:22","guid":{"rendered":"https:\/\/agora.xtec.cat\/ceiplajota\/?p=4738"},"modified":"2022-04-12T23:37:22","modified_gmt":"2022-04-12T21:37:22","slug":"projecte-de-lhort-2n-ci","status":"publish","type":"post","link":"https:\/\/agora.xtec.cat\/ceiplajota\/general\/projecte-de-lhort-2n-ci\/","title":{"rendered":"Projecte de l&#8217;hort (2n CI)"},"content":{"rendered":"<p><a href=\"https:\/\/agora.xtec.cat\/ceiplajota\/wp-content\/uploads\/usu1571\/2022\/04\/lhort-2n-de-cicle-inicial.jpg\"><img loading=\"lazy\" decoding=\"async\" class=\"wp-image-4739 aligncenter\" src=\"https:\/\/agora.xtec.cat\/ceiplajota\/wp-content\/uploads\/usu1571\/2022\/04\/lhort-2n-de-cicle-inicial-1024x576.jpg\" alt=\"\" width=\"531\" height=\"299\" srcset=\"https:\/\/agora.xtec.cat\/ceiplajota\/wp-content\/uploads\/usu1571\/2022\/04\/lhort-2n-de-cicle-inicial-1024x576.jpg 1024w, https:\/\/agora.xtec.cat\/ceiplajota\/wp-content\/uploads\/usu1571\/2022\/04\/lhort-2n-de-cicle-inicial-300x169.jpg 300w, https:\/\/agora.xtec.cat\/ceiplajota\/wp-content\/uploads\/usu1571\/2022\/04\/lhort-2n-de-cicle-inicial-768x432.jpg 768w, https:\/\/agora.xtec.cat\/ceiplajota\/wp-content\/uploads\/usu1571\/2022\/04\/lhort-2n-de-cicle-inicial-1536x864.jpg 1536w, https:\/\/agora.xtec.cat\/ceiplajota\/wp-content\/uploads\/usu1571\/2022\/04\/lhort-2n-de-cicle-inicial.jpg 1920w\" sizes=\"auto, (max-width: 531px) 100vw, 531px\" \/><\/a><\/p>\n<p>Durant aquests dos primers trimestres l&#8217;alumant de segon ha estat treballant en un projecte on hem plantat, cuidat i hem vist cr\u00e9ixer un vegetal.\u00a0 Les reflexions i les conclusions fetes representen un proc\u00e8s d&#8217;aprenentatge fonamentat en la pr\u00f2pia experi\u00e8ncia a partir del\u00a0<b>&#8220;fer per con\u00e8ixer, per aprendre i per ser&#8221;.<\/b>\u00a0 No us perdeu les presentacions individuals dels diferents projectes i el video amb un recull d&#8217;imatges que us permetran compartir el que ha estat aquest projecte per a totes nosaltres.<\/p>\n<p><a href=\"https:\/\/youtube.com\/playlist?list=PLEOxm8ZI8NAJ8abKuVleCiYQ92zfEWFQC\">Videos presentacions 2nA<\/a><\/p>\n<p><a href=\"https:\/\/youtube.com\/playlist?list=PLEOxm8ZI8NAJ5AAIAWM5KckrRU4vSHBSv\">Videos presentacions 2nB<\/a><\/p>\n<p><a href=\"https:\/\/youtu.be\/1Ew-QCrl6Kc\">Video resum amb imatges d&#8217;aquests 6 mesos de projecte<\/a><\/p>\n<p>&nbsp;<\/p>\n","protected":false},"excerpt":{"rendered":"<p><a href=\"https:\/\/agora.xtec.cat\/ceiplajota\/wp-content\/uploads\/usu1571\/2022\/04\/lhort-2n-de-cicle-inicial.jpg\"><\/a><br \/>\nDurant aquests dos primers trimestres l&#8217;alumant de segon ha estat treballant en un projecte on hem plantat, cuidat i hem vist cr\u00e9ixer un vegetal.\u00a0 Les reflexions i les conclusions fetes representen un proc\u00e8s d&#8217;aprenentatge fonamentat en la pr\u00f2pia experi\u00e8ncia a partir del\u00a0&#8220;fer per con\u00e8ixer,&hellip;  <a href=\"https:\/\/agora.xtec.cat\/ceiplajota\/general\/projecte-de-lhort-2n-ci\/\" title=\"Read Projecte de l&#8217;hort (2n CI)\">Llegeix m\u00e9s\u00bb<\/a><\/p>\n","protected":false},"author":34,"featured_media":4739,"comment_status":"open","ping_status":"closed","sticky":false,"template":"","format":"standard","meta":{"_bbp_topic_count":0,"_bbp_reply_count":0,"_bbp_total_topic_count":0,"_bbp_total_reply_count":0,"_bbp_voice_count":0,"_bbp_anonymous_reply_count":0,"_bbp_topic_count_hidden":0,"_bbp_reply_count_hidden":0,"_bbp_forum_subforum_count":0,"footnotes":""},"categories":[1],"tags":[],"class_list":["post-4738","post","type-post","status-publish","format-standard","has-post-thumbnail","hentry","category-general"],"post_mailing_queue_ids":[],"_links":{"self":[{"href":"https:\/\/agora.xtec.cat\/ceiplajota\/wp-json\/wp\/v2\/posts\/4738","targetHints":{"allow":["GET"]}}],"collection":[{"href":"https:\/\/agora.xtec.cat\/ceiplajota\/wp-json\/wp\/v2\/posts"}],"about":[{"href":"https:\/\/agora.xtec.cat\/ceiplajota\/wp-json\/wp\/v2\/types\/post"}],"author":[{"embeddable":true,"href":"https:\/\/agora.xtec.cat\/ceiplajota\/wp-json\/wp\/v2\/users\/34"}],"replies":[{"embeddable":true,"href":"https:\/\/agora.xtec.cat\/ceiplajota\/wp-json\/wp\/v2\/comments?post=4738"}],"version-history":[{"count":1,"href":"https:\/\/agora.xtec.cat\/ceiplajota\/wp-json\/wp\/v2\/posts\/4738\/revisions"}],"predecessor-version":[{"id":4740,"href":"https:\/\/agora.xtec.cat\/ceiplajota\/wp-json\/wp\/v2\/posts\/4738\/revisions\/4740"}],"wp:featuredmedia":[{"embeddable":true,"href":"https:\/\/agora.xtec.cat\/ceiplajota\/wp-json\/wp\/v2\/media\/4739"}],"wp:attachment":[{"href":"https:\/\/agora.xtec.cat\/ceiplajota\/wp-json\/wp\/v2\/media?parent=4738"}],"wp:term":[{"taxonomy":"category","embeddable":true,"href":"https:\/\/agora.xtec.cat\/ceiplajota\/wp-json\/wp\/v2\/categories?post=4738"},{"taxonomy":"post_tag","embeddable":true,"href":"https:\/\/agora.xtec.cat\/ceiplajota\/wp-json\/wp\/v2\/tags?post=4738"}],"curies":[{"name":"wp","href":"https:\/\/api.w.org\/{rel}","templated":true}]}}