{"id":4721,"date":"2022-04-07T21:41:07","date_gmt":"2022-04-07T19:41:07","guid":{"rendered":"https:\/\/agora.xtec.cat\/ceiplajota\/?p=4721"},"modified":"2022-04-07T23:58:09","modified_gmt":"2022-04-07T21:58:09","slug":"cicle-mitja-una-tarda-a-lescola","status":"publish","type":"post","link":"https:\/\/agora.xtec.cat\/ceiplajota\/general\/cicle-mitja-una-tarda-a-lescola\/","title":{"rendered":"CICLE MITJ\u00c0 &#8211; UNA TARDA A L&#8217;ESCOLA"},"content":{"rendered":"<p>Bon dia fam\u00edlies,<\/p>\n<p>La tarda del divendres passat vam poder gaudir de la vostra visita a l&#8217;escola. Ja feia temps que no ho f\u00e8iem per\u00f2 finalment ho hem aconseguit.<\/p>\n<p>Rebre als nostres pares, mares, germans\/es o avis\/es,\u00a0 \u00e9s un fet que vivim amb molta il.lusi\u00f3, ens encanta! I tamb\u00e9 ens encanta que veieu el que fem i sobretot, que puguem treballar junts\/es.<\/p>\n<p>Per aquesta ocasi\u00f3, vam realitzar diferents activitats que ja fem al nostre dia a dia a l&#8217;escola. A tercer per exemple, vam voler mostrar els &#8220;JOCS DE LLENGUA&#8221; que fem a la classe i amb la Maite i la N\u00faria vam ensenyar el que hem apr\u00e8s.<\/p>\n<p>A quart A, ens tocava pl\u00e0stica, ART IN ENGLISH i vam dibuixar el nostre retrat amb ajuda de les nostres fam\u00edlies que tamb\u00e9 ens van ajudar a pintar-ho al natural o de manera abstracta.<\/p>\n<p>A quart B, ens vam dividir en dos grups: uns f\u00e8iem ROB\u00d2TICA amb la Maite i uns altres JOCS MATEM\u00c0TICS amb la Rosario.<\/p>\n<p>En fi, ha estat una tarda que s&#8217;ha fet curta i que esperem repetir. Aix\u00ed que ja sabeu, ens ha agradat molt compartir aquest moment amb vosaltres, fins la propera!<\/p>\n<p>Aqu\u00ed us deixem un recull fotogr\u00e0fic de la nostra tasca plegats:<\/p>\n<p><a href=\"https:\/\/photos.app.goo.gl\/x2Ut57xyMjNeeee1A\">UNA TARDA A L&#8217;ESCOLA<\/a><\/p>\n<p>&nbsp;<\/p>\n","protected":false},"excerpt":{"rendered":"<p>Bon dia fam\u00edlies,<br \/>\nLa tarda del divendres passat vam poder gaudir de la vostra visita a l&#8217;escola. Ja feia temps que no ho f\u00e8iem per\u00f2 finalment ho hem aconseguit.<br \/>\nRebre als nostres pares, mares, germans\/es o avis\/es,\u00a0 \u00e9s un fet que vivim amb molta il.lusi\u00f3, ens encanta!&hellip;  <a href=\"https:\/\/agora.xtec.cat\/ceiplajota\/general\/cicle-mitja-una-tarda-a-lescola\/\" title=\"Read CICLE MITJ\u00c0 &#8211; UNA TARDA A L&#8217;ESCOLA\">Llegeix m\u00e9s\u00bb<\/a><\/p>\n","protected":false},"author":22,"featured_media":4722,"comment_status":"open","ping_status":"closed","sticky":false,"template":"","format":"standard","meta":{"_bbp_topic_count":0,"_bbp_reply_count":0,"_bbp_total_topic_count":0,"_bbp_total_reply_count":0,"_bbp_voice_count":0,"_bbp_anonymous_reply_count":0,"_bbp_topic_count_hidden":0,"_bbp_reply_count_hidden":0,"_bbp_forum_subforum_count":0,"footnotes":""},"categories":[12,13,1],"tags":[],"class_list":["post-4721","post","type-post","status-publish","format-standard","has-post-thumbnail","hentry","category-3r","category-4t","category-general"],"post_mailing_queue_ids":[],"_links":{"self":[{"href":"https:\/\/agora.xtec.cat\/ceiplajota\/wp-json\/wp\/v2\/posts\/4721","targetHints":{"allow":["GET"]}}],"collection":[{"href":"https:\/\/agora.xtec.cat\/ceiplajota\/wp-json\/wp\/v2\/posts"}],"about":[{"href":"https:\/\/agora.xtec.cat\/ceiplajota\/wp-json\/wp\/v2\/types\/post"}],"author":[{"embeddable":true,"href":"https:\/\/agora.xtec.cat\/ceiplajota\/wp-json\/wp\/v2\/users\/22"}],"replies":[{"embeddable":true,"href":"https:\/\/agora.xtec.cat\/ceiplajota\/wp-json\/wp\/v2\/comments?post=4721"}],"version-history":[{"count":3,"href":"https:\/\/agora.xtec.cat\/ceiplajota\/wp-json\/wp\/v2\/posts\/4721\/revisions"}],"predecessor-version":[{"id":4727,"href":"https:\/\/agora.xtec.cat\/ceiplajota\/wp-json\/wp\/v2\/posts\/4721\/revisions\/4727"}],"wp:featuredmedia":[{"embeddable":true,"href":"https:\/\/agora.xtec.cat\/ceiplajota\/wp-json\/wp\/v2\/media\/4722"}],"wp:attachment":[{"href":"https:\/\/agora.xtec.cat\/ceiplajota\/wp-json\/wp\/v2\/media?parent=4721"}],"wp:term":[{"taxonomy":"category","embeddable":true,"href":"https:\/\/agora.xtec.cat\/ceiplajota\/wp-json\/wp\/v2\/categories?post=4721"},{"taxonomy":"post_tag","embeddable":true,"href":"https:\/\/agora.xtec.cat\/ceiplajota\/wp-json\/wp\/v2\/tags?post=4721"}],"curies":[{"name":"wp","href":"https:\/\/api.w.org\/{rel}","templated":true}]}}