{"id":4705,"date":"2022-04-04T21:21:05","date_gmt":"2022-04-04T19:21:05","guid":{"rendered":"https:\/\/agora.xtec.cat\/ceiplajota\/?p=4705"},"modified":"2022-04-04T21:21:05","modified_gmt":"2022-04-04T19:21:05","slug":"sortida-al-port-de-vilanova","status":"publish","type":"post","link":"https:\/\/agora.xtec.cat\/ceiplajota\/general\/sortida-al-port-de-vilanova\/","title":{"rendered":"Sortida al port de Vilanova"},"content":{"rendered":"<p><a href=\"https:\/\/agora.xtec.cat\/ceiplajota\/wp-content\/uploads\/usu1571\/2022\/04\/Azul-Ancla-y-Barco-Nautica-Invitacion.jpg\"><img loading=\"lazy\" decoding=\"async\" class=\"wp-image-4706 aligncenter\" src=\"https:\/\/agora.xtec.cat\/ceiplajota\/wp-content\/uploads\/usu1571\/2022\/04\/Azul-Ancla-y-Barco-Nautica-Invitacion-1024x1024.jpg\" alt=\"\" width=\"470\" height=\"470\" srcset=\"https:\/\/agora.xtec.cat\/ceiplajota\/wp-content\/uploads\/usu1571\/2022\/04\/Azul-Ancla-y-Barco-Nautica-Invitacion-1024x1024.jpg 1024w, https:\/\/agora.xtec.cat\/ceiplajota\/wp-content\/uploads\/usu1571\/2022\/04\/Azul-Ancla-y-Barco-Nautica-Invitacion-300x300.jpg 300w, https:\/\/agora.xtec.cat\/ceiplajota\/wp-content\/uploads\/usu1571\/2022\/04\/Azul-Ancla-y-Barco-Nautica-Invitacion-150x150.jpg 150w, https:\/\/agora.xtec.cat\/ceiplajota\/wp-content\/uploads\/usu1571\/2022\/04\/Azul-Ancla-y-Barco-Nautica-Invitacion-768x768.jpg 768w, https:\/\/agora.xtec.cat\/ceiplajota\/wp-content\/uploads\/usu1571\/2022\/04\/Azul-Ancla-y-Barco-Nautica-Invitacion-1536x1536.jpg 1536w, https:\/\/agora.xtec.cat\/ceiplajota\/wp-content\/uploads\/usu1571\/2022\/04\/Azul-Ancla-y-Barco-Nautica-Invitacion.jpg 1654w\" sizes=\"auto, (max-width: 470px) 100vw, 470px\" \/><\/a><\/p>\n<p>El divendres passat, els nens i les nenes de 2n de prim\u00e0ria vam anar a visitar el port i la llotja de Vilanova i la Geltr\u00fa. Durant la sortida, vam fer un recorregut pel port i per la llotja i vam poder observar i parlar de les diferents metodologies de pesca que es porten a terme segons el tipus de peix que es vol pescar, vam poder veure els vaixells com entraven al port i s&#8217;amarraven i fins i tot, els materials i xarxes que es fan servir.<\/p>\n<p>Despr\u00e9s de la visita, vam anar a dinar a la platja i all\u00e0 van gaudir d&#8217;un fant\u00e0stic dinar acompanyats per tots els companys i mestres i en acabar els nens i nenes van anar a jugar per la sorra.<\/p>\n<p>En aquest enlla\u00e7 teniu les fotografies de l&#8217;excursi\u00f3:<\/p>\n<p><a href=\"https:\/\/photos.app.goo.gl\/dB5217cxpWCh6Aon7\">Port de Vilanova i la Geltr\u00fa<\/a><\/p>\n","protected":false},"excerpt":{"rendered":"<p><a href=\"https:\/\/agora.xtec.cat\/ceiplajota\/wp-content\/uploads\/usu1571\/2022\/04\/Azul-Ancla-y-Barco-Nautica-Invitacion.jpg\"><\/a><br \/>\nEl divendres passat, els nens i les nenes de 2n de prim\u00e0ria vam anar a visitar el port i la llotja de Vilanova i la Geltr\u00fa. Durant la sortida, vam fer un recorregut pel port i per la llotja i vam poder observar i&hellip;  <a href=\"https:\/\/agora.xtec.cat\/ceiplajota\/general\/sortida-al-port-de-vilanova\/\" title=\"Read Sortida al port de Vilanova\">Llegeix m\u00e9s\u00bb<\/a><\/p>\n","protected":false},"author":34,"featured_media":4706,"comment_status":"open","ping_status":"closed","sticky":false,"template":"","format":"standard","meta":{"_bbp_topic_count":0,"_bbp_reply_count":0,"_bbp_total_topic_count":0,"_bbp_total_reply_count":0,"_bbp_voice_count":0,"_bbp_anonymous_reply_count":0,"_bbp_topic_count_hidden":0,"_bbp_reply_count_hidden":0,"_bbp_forum_subforum_count":0,"footnotes":""},"categories":[1],"tags":[70,96,16],"class_list":["post-4705","post","type-post","status-publish","format-standard","has-post-thumbnail","hentry","category-general","tag-primaria","tag-segon","tag-sortides"],"post_mailing_queue_ids":[],"_links":{"self":[{"href":"https:\/\/agora.xtec.cat\/ceiplajota\/wp-json\/wp\/v2\/posts\/4705","targetHints":{"allow":["GET"]}}],"collection":[{"href":"https:\/\/agora.xtec.cat\/ceiplajota\/wp-json\/wp\/v2\/posts"}],"about":[{"href":"https:\/\/agora.xtec.cat\/ceiplajota\/wp-json\/wp\/v2\/types\/post"}],"author":[{"embeddable":true,"href":"https:\/\/agora.xtec.cat\/ceiplajota\/wp-json\/wp\/v2\/users\/34"}],"replies":[{"embeddable":true,"href":"https:\/\/agora.xtec.cat\/ceiplajota\/wp-json\/wp\/v2\/comments?post=4705"}],"version-history":[{"count":1,"href":"https:\/\/agora.xtec.cat\/ceiplajota\/wp-json\/wp\/v2\/posts\/4705\/revisions"}],"predecessor-version":[{"id":4707,"href":"https:\/\/agora.xtec.cat\/ceiplajota\/wp-json\/wp\/v2\/posts\/4705\/revisions\/4707"}],"wp:featuredmedia":[{"embeddable":true,"href":"https:\/\/agora.xtec.cat\/ceiplajota\/wp-json\/wp\/v2\/media\/4706"}],"wp:attachment":[{"href":"https:\/\/agora.xtec.cat\/ceiplajota\/wp-json\/wp\/v2\/media?parent=4705"}],"wp:term":[{"taxonomy":"category","embeddable":true,"href":"https:\/\/agora.xtec.cat\/ceiplajota\/wp-json\/wp\/v2\/categories?post=4705"},{"taxonomy":"post_tag","embeddable":true,"href":"https:\/\/agora.xtec.cat\/ceiplajota\/wp-json\/wp\/v2\/tags?post=4705"}],"curies":[{"name":"wp","href":"https:\/\/api.w.org\/{rel}","templated":true}]}}