{"id":4699,"date":"2022-03-26T21:27:13","date_gmt":"2022-03-26T20:27:13","guid":{"rendered":"https:\/\/agora.xtec.cat\/ceiplajota\/?p=4699"},"modified":"2022-03-26T21:27:13","modified_gmt":"2022-03-26T20:27:13","slug":"sortida-p3-parc-del-trenet","status":"publish","type":"post","link":"https:\/\/agora.xtec.cat\/ceiplajota\/general\/sortida-p3-parc-del-trenet\/","title":{"rendered":"Sortida P3 Parc del trenet"},"content":{"rendered":"<p>Divendres 25 de Mar\u00e7 els nens i les nenes de P3 vam fer la nostra primera excursi\u00f3 del curs!<\/p>\n<p>Vam anar al parc del trenet de Sabadell i ens ho hem passat d&#8217;all\u00f2 m\u00e9s b\u00e9.<\/p>\n<p><a href=\"https:\/\/photos.app.goo.gl\/sVCCNP5KccmHcE1XA\">Aqu\u00ed teniu un recull de fotografies de l&#8217;excursi\u00f3.<\/a><\/p>\n<p>I si us heu quedat amb ganes no patiu, els diumenges i festius al llarg del mat\u00ed est\u00e0 obert i podeu anar amb la fam\u00edlia.<\/p>\n<p><img decoding=\"async\" src=\"https:\/\/web.sabadell.cat\/media\/widgetkit\/TRENET-732468c2d6fbd7d6a14dc84b7f7504ea.jpg\" alt=\"sabadellnadal | Ajuntament de Sabadell\" \/><\/p>\n","protected":false},"excerpt":{"rendered":"<p>Divendres 25 de Mar\u00e7 els nens i les nenes de P3 vam fer la nostra primera excursi\u00f3 del curs!<br \/>\nVam anar al parc del trenet de Sabadell i ens ho hem passat d&#8217;all\u00f2 m\u00e9s b\u00e9.<br \/>\n<a href=\"https:\/\/photos.app.goo.gl\/sVCCNP5KccmHcE1XA\">Aqu\u00ed teniu un recull de fotografies de l&#8217;excursi\u00f3.<\/a><br \/>\nI si us heu&hellip;  <a href=\"https:\/\/agora.xtec.cat\/ceiplajota\/general\/sortida-p3-parc-del-trenet\/\" title=\"Read Sortida P3 Parc del trenet\">Llegeix m\u00e9s\u00bb<\/a><\/p>\n","protected":false},"author":34,"featured_media":0,"comment_status":"open","ping_status":"closed","sticky":false,"template":"","format":"standard","meta":{"_bbp_topic_count":0,"_bbp_reply_count":0,"_bbp_total_topic_count":0,"_bbp_total_reply_count":0,"_bbp_voice_count":0,"_bbp_anonymous_reply_count":0,"_bbp_topic_count_hidden":0,"_bbp_reply_count_hidden":0,"_bbp_forum_subforum_count":0,"footnotes":""},"categories":[1],"tags":[],"class_list":["post-4699","post","type-post","status-publish","format-standard","hentry","category-general"],"post_mailing_queue_ids":[],"_links":{"self":[{"href":"https:\/\/agora.xtec.cat\/ceiplajota\/wp-json\/wp\/v2\/posts\/4699","targetHints":{"allow":["GET"]}}],"collection":[{"href":"https:\/\/agora.xtec.cat\/ceiplajota\/wp-json\/wp\/v2\/posts"}],"about":[{"href":"https:\/\/agora.xtec.cat\/ceiplajota\/wp-json\/wp\/v2\/types\/post"}],"author":[{"embeddable":true,"href":"https:\/\/agora.xtec.cat\/ceiplajota\/wp-json\/wp\/v2\/users\/34"}],"replies":[{"embeddable":true,"href":"https:\/\/agora.xtec.cat\/ceiplajota\/wp-json\/wp\/v2\/comments?post=4699"}],"version-history":[{"count":1,"href":"https:\/\/agora.xtec.cat\/ceiplajota\/wp-json\/wp\/v2\/posts\/4699\/revisions"}],"predecessor-version":[{"id":4700,"href":"https:\/\/agora.xtec.cat\/ceiplajota\/wp-json\/wp\/v2\/posts\/4699\/revisions\/4700"}],"wp:attachment":[{"href":"https:\/\/agora.xtec.cat\/ceiplajota\/wp-json\/wp\/v2\/media?parent=4699"}],"wp:term":[{"taxonomy":"category","embeddable":true,"href":"https:\/\/agora.xtec.cat\/ceiplajota\/wp-json\/wp\/v2\/categories?post=4699"},{"taxonomy":"post_tag","embeddable":true,"href":"https:\/\/agora.xtec.cat\/ceiplajota\/wp-json\/wp\/v2\/tags?post=4699"}],"curies":[{"name":"wp","href":"https:\/\/api.w.org\/{rel}","templated":true}]}}