{"id":4694,"date":"2022-03-17T10:29:03","date_gmt":"2022-03-17T09:29:03","guid":{"rendered":"https:\/\/agora.xtec.cat\/ceiplajota\/?p=4694"},"modified":"2022-03-17T10:31:13","modified_gmt":"2022-03-17T09:31:13","slug":"el-sistema-solar","status":"publish","type":"post","link":"https:\/\/agora.xtec.cat\/ceiplajota\/general\/el-sistema-solar\/","title":{"rendered":"EL SISTEMA SOLAR"},"content":{"rendered":"<p><a href=\"https:\/\/agora.xtec.cat\/ceiplajota\/wp-content\/uploads\/usu1571\/2022\/03\/disseny-portada-blog.jpg\"><img loading=\"lazy\" decoding=\"async\" class=\"size-large wp-image-4695 aligncenter\" src=\"https:\/\/agora.xtec.cat\/ceiplajota\/wp-content\/uploads\/usu1571\/2022\/03\/disseny-portada-blog-1024x724.jpg\" alt=\"\" width=\"1024\" height=\"724\" srcset=\"https:\/\/agora.xtec.cat\/ceiplajota\/wp-content\/uploads\/usu1571\/2022\/03\/disseny-portada-blog-1024x724.jpg 1024w, https:\/\/agora.xtec.cat\/ceiplajota\/wp-content\/uploads\/usu1571\/2022\/03\/disseny-portada-blog-300x212.jpg 300w, https:\/\/agora.xtec.cat\/ceiplajota\/wp-content\/uploads\/usu1571\/2022\/03\/disseny-portada-blog-768x543.jpg 768w, https:\/\/agora.xtec.cat\/ceiplajota\/wp-content\/uploads\/usu1571\/2022\/03\/disseny-portada-blog-1536x1086.jpg 1536w, https:\/\/agora.xtec.cat\/ceiplajota\/wp-content\/uploads\/usu1571\/2022\/03\/disseny-portada-blog.jpg 2000w\" sizes=\"auto, (max-width: 1024px) 100vw, 1024px\" \/><\/a><\/p>\n<p>El monogr\u00e0fic d&#8217;aquest curs a la nostra escola tracte de l&#8217;Univers. M\u00e9s concretament, els nens i nenes de Cicle Inicial han treballat el sistema solar. Al llarg de les sessions, han sorgit interessos i curiositats que han anat investigant.<\/p>\n<p>Durant aquests dies, s&#8217;han dut a terme activitats i propostes relacionades amb totes les \u00e0rees, <span class=\"hiddenGreenError\">treballant<\/span> aix\u00ed de forma transversal i globalitzada. A m\u00e9s a m\u00e9s, entre tots els nens i nenes del cicle, juntament amb els mestres, hem elaborat un mural del sistema solar.<\/p>\n<p>Una altra proposta que es va presentar va ser que la Rosa <span class=\"hiddenSpellError\">Fit\u00e9<\/span> ens vingu\u00e9s a explicar contes relacionats amb l&#8217;Espai.<\/p>\n<p>A continuaci\u00f3, us adjuntem un enlla\u00e7 amb les fotografies de les activitats i propostes de les diferents sessions.<\/p>\n<p><a href=\"https:\/\/photos.app.goo.gl\/NL8AL9vEk1VXTzYu7\">Fotografies de les activitats<\/a><\/p>\n<p><a href=\"https:\/\/photos.app.goo.gl\/Zph3UtR3thyqNaxn9\">Fotografies del Conte <\/a><\/p>\n<p>&nbsp;<\/p>\n<p>&nbsp;<\/p>\n<p>&nbsp;<\/p>\n<p>&nbsp;<\/p>\n<p>&nbsp;<\/p>\n<p>&nbsp;<\/p>\n<p>&nbsp;<\/p>\n<p>&nbsp;<\/p>\n<p>&nbsp;<\/p>\n<p>&nbsp;<\/p>\n<p>&nbsp;<\/p>\n","protected":false},"excerpt":{"rendered":"<p><a href=\"https:\/\/agora.xtec.cat\/ceiplajota\/wp-content\/uploads\/usu1571\/2022\/03\/disseny-portada-blog.jpg\"><\/a><br \/>\nEl monogr\u00e0fic d&#8217;aquest curs a la nostra escola tracte de l&#8217;Univers. M\u00e9s concretament, els nens i nenes de Cicle Inicial han treballat el sistema solar. Al llarg de les sessions, han sorgit interessos i curiositats que han anat investigant.<br \/>\nDurant aquests dies, s&#8217;han dut a&hellip;  <a href=\"https:\/\/agora.xtec.cat\/ceiplajota\/general\/el-sistema-solar\/\" title=\"Read EL SISTEMA SOLAR\">Llegeix m\u00e9s\u00bb<\/a><\/p>\n","protected":false},"author":34,"featured_media":4695,"comment_status":"open","ping_status":"closed","sticky":false,"template":"","format":"standard","meta":{"_bbp_topic_count":0,"_bbp_reply_count":0,"_bbp_total_topic_count":0,"_bbp_total_reply_count":0,"_bbp_voice_count":0,"_bbp_anonymous_reply_count":0,"_bbp_topic_count_hidden":0,"_bbp_reply_count_hidden":0,"_bbp_forum_subforum_count":0,"footnotes":""},"categories":[1],"tags":[70,96],"class_list":["post-4694","post","type-post","status-publish","format-standard","has-post-thumbnail","hentry","category-general","tag-primaria","tag-segon"],"post_mailing_queue_ids":[],"_links":{"self":[{"href":"https:\/\/agora.xtec.cat\/ceiplajota\/wp-json\/wp\/v2\/posts\/4694","targetHints":{"allow":["GET"]}}],"collection":[{"href":"https:\/\/agora.xtec.cat\/ceiplajota\/wp-json\/wp\/v2\/posts"}],"about":[{"href":"https:\/\/agora.xtec.cat\/ceiplajota\/wp-json\/wp\/v2\/types\/post"}],"author":[{"embeddable":true,"href":"https:\/\/agora.xtec.cat\/ceiplajota\/wp-json\/wp\/v2\/users\/34"}],"replies":[{"embeddable":true,"href":"https:\/\/agora.xtec.cat\/ceiplajota\/wp-json\/wp\/v2\/comments?post=4694"}],"version-history":[{"count":2,"href":"https:\/\/agora.xtec.cat\/ceiplajota\/wp-json\/wp\/v2\/posts\/4694\/revisions"}],"predecessor-version":[{"id":4697,"href":"https:\/\/agora.xtec.cat\/ceiplajota\/wp-json\/wp\/v2\/posts\/4694\/revisions\/4697"}],"wp:featuredmedia":[{"embeddable":true,"href":"https:\/\/agora.xtec.cat\/ceiplajota\/wp-json\/wp\/v2\/media\/4695"}],"wp:attachment":[{"href":"https:\/\/agora.xtec.cat\/ceiplajota\/wp-json\/wp\/v2\/media?parent=4694"}],"wp:term":[{"taxonomy":"category","embeddable":true,"href":"https:\/\/agora.xtec.cat\/ceiplajota\/wp-json\/wp\/v2\/categories?post=4694"},{"taxonomy":"post_tag","embeddable":true,"href":"https:\/\/agora.xtec.cat\/ceiplajota\/wp-json\/wp\/v2\/tags?post=4694"}],"curies":[{"name":"wp","href":"https:\/\/api.w.org\/{rel}","templated":true}]}}