{"id":4691,"date":"2022-03-16T11:34:38","date_gmt":"2022-03-16T10:34:38","guid":{"rendered":"https:\/\/agora.xtec.cat\/ceiplajota\/?p=4691"},"modified":"2022-06-26T23:03:44","modified_gmt":"2022-06-26T21:03:44","slug":"contes-del-mon","status":"publish","type":"post","link":"https:\/\/agora.xtec.cat\/ceiplajota\/general\/contes-del-mon\/","title":{"rendered":"CONTES DEL M\u00d3N"},"content":{"rendered":"<p>Dimecres 9 i dijous 10 vam tenir la gran sort que rebre la visita de la <strong>Rosa Fit\u00e9<\/strong>.<img loading=\"lazy\" decoding=\"async\" class=\"alignright\" src=\"https:\/\/encrypted-tbn0.gstatic.com\/images?q=tbn:ANd9GcR2MsNBB2TN2ppont6KGkfE3gvXm8xy7h-Gew&amp;usqp=CAU\" alt=\"La Terra, el nostre planeta\" width=\"248\" height=\"248\" \/><\/p>\n<p><img loading=\"lazy\" decoding=\"async\" class=\"alignleft\" src=\"https:\/\/surtdecasa.cat\/sites\/default\/files\/styles\/cap_alera\/public\/rosafite_trajecte.jpg?itok=3RjJPXZk\" alt=\"Rosa Fit\u00e9, energia a cada conte\" width=\"221\" height=\"131\" \/><\/p>\n<p>&nbsp;<\/p>\n<p>&nbsp;<\/p>\n<p>&nbsp;<\/p>\n<p>&nbsp;<\/p>\n<p>L&#8217;escola aquest any est\u00e0 estudiant l&#8217;univers, i els infants d&#8217;infantil m\u00e9s concretament, la Terra, la Rosa ens va voler donar un cop de m\u00e0 i ens va explicar moltes coses del nostre estimat planeta.<\/p>\n<p>Un bona reflexi\u00f3: Hem d&#8217;estimar i cuidar la Terra, nom\u00e9s en tenim una!<\/p>\n<p><a href=\"https:\/\/photos.app.goo.gl\/GZk7W55Ckig7P2cEA\">Aqu\u00ed teniu algunes fotos.<\/a><\/p>\n<p>&nbsp;<\/p>\n<p><a href=\"https:\/\/agora.xtec.cat\/ceiplajota\/wp-content\/uploads\/usu1571\/2022\/06\/Financat.png\"><img loading=\"lazy\" decoding=\"async\" class=\"aligncenter size-full wp-image-4937\" src=\"https:\/\/agora.xtec.cat\/ceiplajota\/wp-content\/uploads\/usu1571\/2022\/06\/Financat.png\" alt=\"\" width=\"1024\" height=\"127\" srcset=\"https:\/\/agora.xtec.cat\/ceiplajota\/wp-content\/uploads\/usu1571\/2022\/06\/Financat.png 1024w, https:\/\/agora.xtec.cat\/ceiplajota\/wp-content\/uploads\/usu1571\/2022\/06\/Financat-300x37.png 300w, https:\/\/agora.xtec.cat\/ceiplajota\/wp-content\/uploads\/usu1571\/2022\/06\/Financat-768x95.png 768w\" sizes=\"auto, (max-width: 1024px) 100vw, 1024px\" \/><\/a><\/p>\n","protected":false},"excerpt":{"rendered":"<p>Dimecres 9 i dijous 10 vam tenir la gran sort que rebre la visita de la Rosa Fit\u00e9.<\/p>\n<p>&nbsp;<br \/>\n&nbsp;<br \/>\n&nbsp;<br \/>\n&nbsp;<br \/>\nL&#8217;escola aquest any est\u00e0 estudiant l&#8217;univers, i els infants d&#8217;infantil m\u00e9s concretament, la Terra, la Rosa ens va voler donar un cop de m\u00e0 i ens va explicar&hellip;  <a href=\"https:\/\/agora.xtec.cat\/ceiplajota\/general\/contes-del-mon\/\" title=\"Read CONTES DEL M\u00d3N\">Llegeix m\u00e9s\u00bb<\/a><\/p>\n","protected":false},"author":34,"featured_media":0,"comment_status":"closed","ping_status":"closed","sticky":false,"template":"","format":"standard","meta":{"_bbp_topic_count":0,"_bbp_reply_count":0,"_bbp_total_topic_count":0,"_bbp_total_reply_count":0,"_bbp_voice_count":0,"_bbp_anonymous_reply_count":0,"_bbp_topic_count_hidden":0,"_bbp_reply_count_hidden":0,"_bbp_forum_subforum_count":0,"footnotes":""},"categories":[1,2,3,8,9],"tags":[],"class_list":["post-4691","post","type-post","status-publish","format-standard","hentry","category-general","category-infantil","category-p3","category-p4","category-p5"],"post_mailing_queue_ids":[],"_links":{"self":[{"href":"https:\/\/agora.xtec.cat\/ceiplajota\/wp-json\/wp\/v2\/posts\/4691","targetHints":{"allow":["GET"]}}],"collection":[{"href":"https:\/\/agora.xtec.cat\/ceiplajota\/wp-json\/wp\/v2\/posts"}],"about":[{"href":"https:\/\/agora.xtec.cat\/ceiplajota\/wp-json\/wp\/v2\/types\/post"}],"author":[{"embeddable":true,"href":"https:\/\/agora.xtec.cat\/ceiplajota\/wp-json\/wp\/v2\/users\/34"}],"replies":[{"embeddable":true,"href":"https:\/\/agora.xtec.cat\/ceiplajota\/wp-json\/wp\/v2\/comments?post=4691"}],"version-history":[{"count":2,"href":"https:\/\/agora.xtec.cat\/ceiplajota\/wp-json\/wp\/v2\/posts\/4691\/revisions"}],"predecessor-version":[{"id":4941,"href":"https:\/\/agora.xtec.cat\/ceiplajota\/wp-json\/wp\/v2\/posts\/4691\/revisions\/4941"}],"wp:attachment":[{"href":"https:\/\/agora.xtec.cat\/ceiplajota\/wp-json\/wp\/v2\/media?parent=4691"}],"wp:term":[{"taxonomy":"category","embeddable":true,"href":"https:\/\/agora.xtec.cat\/ceiplajota\/wp-json\/wp\/v2\/categories?post=4691"},{"taxonomy":"post_tag","embeddable":true,"href":"https:\/\/agora.xtec.cat\/ceiplajota\/wp-json\/wp\/v2\/tags?post=4691"}],"curies":[{"name":"wp","href":"https:\/\/api.w.org\/{rel}","templated":true}]}}