{"id":4688,"date":"2022-03-11T13:26:35","date_gmt":"2022-03-11T12:26:35","guid":{"rendered":"https:\/\/agora.xtec.cat\/ceiplajota\/?p=4688"},"modified":"2022-03-15T06:55:33","modified_gmt":"2022-03-15T05:55:33","slug":"parla-i-juga-amb-mi","status":"publish","type":"post","link":"https:\/\/agora.xtec.cat\/ceiplajota\/general\/parla-i-juga-amb-mi\/","title":{"rendered":"PARLA I JUGA AMB MI"},"content":{"rendered":"<p>Sembla que el covid ens ha donat una petita treva i ens ha perm\u00e8s poder fer les jornades &#8220;Parla i juga amb mi&#8221;.<\/p>\n<p>Aquestes jornades conviden a les fam\u00edlies a classe amb l&#8217;objectiu de potenciar la parla a trav\u00e9s del joc.<img loading=\"lazy\" decoding=\"async\" class=\"n3VNCb alignright\" src=\"https:\/\/us.123rf.com\/450wm\/rastudio\/rastudio1801\/rastudio180100042\/92651288-j%C3%B3venes-padres-africanos-felices-con-sus-peque%C3%B1os-ni%C3%B1os-sentados-en-el-suelo-y-jugar-juntos-juego-de.jpg?ver=6\" alt=\"25,042 Familia Jugando Vectores, Ilustraciones y Gr\u00e1ficos - 123RF\" width=\"492\" height=\"303\" data-noaft=\"1\" \/><\/p>\n<p>Sempre respectant les mesures de seguretat: ventilaci\u00f3, mascareta,&#8230;<\/p>\n<p>Aquest any, a m\u00e9s a m\u00e9s les families que han participat han fet una reuni\u00f3 on s&#8217;informava de canvis que hi haur\u00e0 a l&#8217;escola en els propers cursos.<\/p>\n<p>Voleu veure una mica del que vam gaudir al llarg d&#8217;aquest dies?<\/p>\n<p>Per les fam\u00edlies que no heu pogut venir no patiu, segur que hi haur\u00e0 m\u00e9s oportunitats!<\/p>\n<p>Cl\u00edqueu al curs per poder veure algunes fotografies.<\/p>\n<p><a href=\"https:\/\/photos.app.goo.gl\/o9obzvYytXTzwn2M7\">P3<\/a><\/p>\n<p><a href=\"https:\/\/photos.app.goo.gl\/NcF9v3GdE9eNDCns8\">P4<\/a><\/p>\n<p><a href=\"https:\/\/photos.app.goo.gl\/rZg9ZvAQGZgr1qSS9\">P5<\/a><\/p>\n","protected":false},"excerpt":{"rendered":"<p>Sembla que el covid ens ha donat una petita treva i ens ha perm\u00e8s poder fer les jornades &#8220;Parla i juga amb mi&#8221;.<br \/>\nAquestes jornades conviden a les fam\u00edlies a classe amb l&#8217;objectiu de potenciar la parla a trav\u00e9s del joc.<br \/>\nSempre respectant les mesures de seguretat:&hellip;  <a href=\"https:\/\/agora.xtec.cat\/ceiplajota\/general\/parla-i-juga-amb-mi\/\" title=\"Read PARLA I JUGA AMB MI\">Llegeix m\u00e9s\u00bb<\/a><\/p>\n","protected":false},"author":34,"featured_media":0,"comment_status":"closed","ping_status":"closed","sticky":false,"template":"","format":"standard","meta":{"_bbp_topic_count":0,"_bbp_reply_count":0,"_bbp_total_topic_count":0,"_bbp_total_reply_count":0,"_bbp_voice_count":0,"_bbp_anonymous_reply_count":0,"_bbp_topic_count_hidden":0,"_bbp_reply_count_hidden":0,"_bbp_forum_subforum_count":0,"footnotes":""},"categories":[1,2,3,8,9],"tags":[],"class_list":["post-4688","post","type-post","status-publish","format-standard","hentry","category-general","category-infantil","category-p3","category-p4","category-p5"],"post_mailing_queue_ids":[],"_links":{"self":[{"href":"https:\/\/agora.xtec.cat\/ceiplajota\/wp-json\/wp\/v2\/posts\/4688","targetHints":{"allow":["GET"]}}],"collection":[{"href":"https:\/\/agora.xtec.cat\/ceiplajota\/wp-json\/wp\/v2\/posts"}],"about":[{"href":"https:\/\/agora.xtec.cat\/ceiplajota\/wp-json\/wp\/v2\/types\/post"}],"author":[{"embeddable":true,"href":"https:\/\/agora.xtec.cat\/ceiplajota\/wp-json\/wp\/v2\/users\/34"}],"replies":[{"embeddable":true,"href":"https:\/\/agora.xtec.cat\/ceiplajota\/wp-json\/wp\/v2\/comments?post=4688"}],"version-history":[{"count":2,"href":"https:\/\/agora.xtec.cat\/ceiplajota\/wp-json\/wp\/v2\/posts\/4688\/revisions"}],"predecessor-version":[{"id":4690,"href":"https:\/\/agora.xtec.cat\/ceiplajota\/wp-json\/wp\/v2\/posts\/4688\/revisions\/4690"}],"wp:attachment":[{"href":"https:\/\/agora.xtec.cat\/ceiplajota\/wp-json\/wp\/v2\/media?parent=4688"}],"wp:term":[{"taxonomy":"category","embeddable":true,"href":"https:\/\/agora.xtec.cat\/ceiplajota\/wp-json\/wp\/v2\/categories?post=4688"},{"taxonomy":"post_tag","embeddable":true,"href":"https:\/\/agora.xtec.cat\/ceiplajota\/wp-json\/wp\/v2\/tags?post=4688"}],"curies":[{"name":"wp","href":"https:\/\/api.w.org\/{rel}","templated":true}]}}