{"id":4685,"date":"2022-03-08T19:41:20","date_gmt":"2022-03-08T18:41:20","guid":{"rendered":"https:\/\/agora.xtec.cat\/ceiplajota\/?p=4685"},"modified":"2022-03-08T19:41:20","modified_gmt":"2022-03-08T18:41:20","slug":"sortida-al-parc-natural-del-montseny-6e","status":"publish","type":"post","link":"https:\/\/agora.xtec.cat\/ceiplajota\/general\/sortida-al-parc-natural-del-montseny-6e\/","title":{"rendered":"SORTIDA AL PARC NATURAL DEL MONTSENY 6\u00e8"},"content":{"rendered":"<p>El dimarts 8 de mar\u00e7, els i les alumnes de 6\u00e8, hem realitzat una sortida pedag\u00f2gica al PARC NATURAL DEL MONTSENY. Durant un passeig d&#8217;unes tres hores per la muntanya hem pogut observar i aprendre moltes coses sobre la flora i la fauna d&#8217;aquests boscos. MALGRAT LA PLUJA HA ESTAT MOLT DIVERTIT I ENTRETINGUT!!!!!!!!<\/p>\n<p>Si voleu veure les fotograf\u00edes de la sortida feu clic a l&#8217;imatge.<\/p>\n<p><a href=\"https:\/\/photos.app.goo.gl\/1Qr1iRqghzPNWRmJA\"><img loading=\"lazy\" decoding=\"async\" class=\"alignnone  wp-image-4686\" src=\"https:\/\/agora.xtec.cat\/ceiplajota\/wp-content\/uploads\/usu1571\/2022\/03\/fontmartina-1024x366.jpg\" alt=\"\" width=\"423\" height=\"151\" srcset=\"https:\/\/agora.xtec.cat\/ceiplajota\/wp-content\/uploads\/usu1571\/2022\/03\/fontmartina-1024x366.jpg 1024w, https:\/\/agora.xtec.cat\/ceiplajota\/wp-content\/uploads\/usu1571\/2022\/03\/fontmartina-300x107.jpg 300w, https:\/\/agora.xtec.cat\/ceiplajota\/wp-content\/uploads\/usu1571\/2022\/03\/fontmartina-768x275.jpg 768w, https:\/\/agora.xtec.cat\/ceiplajota\/wp-content\/uploads\/usu1571\/2022\/03\/fontmartina.jpg 1202w\" sizes=\"auto, (max-width: 423px) 100vw, 423px\" \/><\/a><\/p>\n","protected":false},"excerpt":{"rendered":"<p>El dimarts 8 de mar\u00e7, els i les alumnes de 6\u00e8, hem realitzat una sortida pedag\u00f2gica al PARC NATURAL DEL MONTSENY. Durant un passeig d&#8217;unes tres hores per la muntanya hem pogut observar i aprendre moltes coses sobre la flora i la fauna d&#8217;aquests boscos.&hellip;  <a href=\"https:\/\/agora.xtec.cat\/ceiplajota\/general\/sortida-al-parc-natural-del-montseny-6e\/\" title=\"Read SORTIDA AL PARC NATURAL DEL MONTSENY 6\u00e8\">Llegeix m\u00e9s\u00bb<\/a><\/p>\n","protected":false},"author":3,"featured_media":4686,"comment_status":"open","ping_status":"closed","sticky":false,"template":"","format":"standard","meta":{"_bbp_topic_count":0,"_bbp_reply_count":0,"_bbp_total_topic_count":0,"_bbp_total_reply_count":0,"_bbp_voice_count":0,"_bbp_anonymous_reply_count":0,"_bbp_topic_count_hidden":0,"_bbp_reply_count_hidden":0,"_bbp_forum_subforum_count":0,"footnotes":""},"categories":[15,1],"tags":[],"class_list":["post-4685","post","type-post","status-publish","format-standard","has-post-thumbnail","hentry","category-6e","category-general"],"post_mailing_queue_ids":[],"_links":{"self":[{"href":"https:\/\/agora.xtec.cat\/ceiplajota\/wp-json\/wp\/v2\/posts\/4685","targetHints":{"allow":["GET"]}}],"collection":[{"href":"https:\/\/agora.xtec.cat\/ceiplajota\/wp-json\/wp\/v2\/posts"}],"about":[{"href":"https:\/\/agora.xtec.cat\/ceiplajota\/wp-json\/wp\/v2\/types\/post"}],"author":[{"embeddable":true,"href":"https:\/\/agora.xtec.cat\/ceiplajota\/wp-json\/wp\/v2\/users\/3"}],"replies":[{"embeddable":true,"href":"https:\/\/agora.xtec.cat\/ceiplajota\/wp-json\/wp\/v2\/comments?post=4685"}],"version-history":[{"count":1,"href":"https:\/\/agora.xtec.cat\/ceiplajota\/wp-json\/wp\/v2\/posts\/4685\/revisions"}],"predecessor-version":[{"id":4687,"href":"https:\/\/agora.xtec.cat\/ceiplajota\/wp-json\/wp\/v2\/posts\/4685\/revisions\/4687"}],"wp:featuredmedia":[{"embeddable":true,"href":"https:\/\/agora.xtec.cat\/ceiplajota\/wp-json\/wp\/v2\/media\/4686"}],"wp:attachment":[{"href":"https:\/\/agora.xtec.cat\/ceiplajota\/wp-json\/wp\/v2\/media?parent=4685"}],"wp:term":[{"taxonomy":"category","embeddable":true,"href":"https:\/\/agora.xtec.cat\/ceiplajota\/wp-json\/wp\/v2\/categories?post=4685"},{"taxonomy":"post_tag","embeddable":true,"href":"https:\/\/agora.xtec.cat\/ceiplajota\/wp-json\/wp\/v2\/tags?post=4685"}],"curies":[{"name":"wp","href":"https:\/\/api.w.org\/{rel}","templated":true}]}}