{"id":4669,"date":"2022-03-07T20:39:36","date_gmt":"2022-03-07T19:39:36","guid":{"rendered":"https:\/\/agora.xtec.cat\/ceiplajota\/?p=4669"},"modified":"2022-03-07T20:47:59","modified_gmt":"2022-03-07T19:47:59","slug":"el-petit-princep-a-5e","status":"publish","type":"post","link":"https:\/\/agora.xtec.cat\/ceiplajota\/general\/el-petit-princep-a-5e\/","title":{"rendered":"EL PETIT PR\u00cdNCEP a 5\u00e8"},"content":{"rendered":"<p><a href=\"https:\/\/agora.xtec.cat\/ceiplajota\/wp-content\/uploads\/usu1571\/2022\/03\/petit-princep-Desi.jpg\"><img loading=\"lazy\" decoding=\"async\" class=\"size-full wp-image-4670 alignright\" src=\"https:\/\/agora.xtec.cat\/ceiplajota\/wp-content\/uploads\/usu1571\/2022\/03\/petit-princep-Desi.jpg\" alt=\"\" width=\"467\" height=\"547\" srcset=\"https:\/\/agora.xtec.cat\/ceiplajota\/wp-content\/uploads\/usu1571\/2022\/03\/petit-princep-Desi.jpg 467w, https:\/\/agora.xtec.cat\/ceiplajota\/wp-content\/uploads\/usu1571\/2022\/03\/petit-princep-Desi-256x300.jpg 256w\" sizes=\"auto, (max-width: 467px) 100vw, 467px\" \/><\/a><\/p>\n<p>ENS AJUDA A PENSAR I OMPLIR DE SIGNIFICAT EL NOSTRE M\u00d3N<\/p>\n<p>\u00ab<em>No se ve bien sino con el coraz\u00f3n, lo esencial es invisible a los ojos<\/em>\u00ab.<\/p>\n<p>Hi ha situacions que\u00a0 les coses se\u2019ns escapen, no les veiem. Per a poder valorar i descobrir el valor i la veritable ess\u00e8ncia d\u2019all\u00f2 que ens passa ens hem d\u2019acostar de ple, amb el cor, per a no quedar-nos en les aparences, en all\u00f2 superficial.<\/p>\n<p>Amb llenguatge directe i senzill, <em>El Petit Pr\u00edncep<\/em>, com els <em>legos<\/em>, est\u00e0 \u201cprescrit\u201d des dels 3 anys fins als 90 i tants. Aix\u00f2 s\u00ed, cal descobrir els seus tresors i cada persona i moment vital descobrir\u00e0 de nous.<\/p>\n<p><strong>A cinqu\u00e8 els nens i les nenes tenen un m\u00f3n per descobrir i el viuen amb curiositat, amb ingenu\u00eftat, sorpresa, admiraci\u00f3, goig,&#8230; <\/strong>I per aix\u00f2 <strong>pregunten <\/strong>incansablement <strong>com fa <em>El Petit Pr\u00edncep<\/em><\/strong>. Acostumen a ser preguntes profundes que repten\u00a0 la mirada y les veritats del m\u00f3n adult.<\/p>\n<p>Un cop a la setmana els alumnes de cinqu\u00e8 es reuneixen entorn <em>El Petit Pr\u00edncep<\/em> i el mestre: <strong>llegim en veu alta i conversem sobre all\u00f2 llegit i, a partir d\u2019unes \u201cclaus per a pensar\u201d escrites a la pissarra, anem donant perspectiva i profunditat a la conversa.<\/strong><\/p>\n<p>Es tracta d\u2019una petita aventura setmanal en el que <em>El petit pr\u00edncep<\/em> ens invita a una mena de \u201ctrobada extraterrestre\u201d per a poder visionar i sentir el propi mon de la inf\u00e0ncia desvelant alhora el mon adult (all\u00f2 que sost\u00e9 el m\u00f3n adult i que, a vegades, cal q\u00fcestionar).<\/p>\n<p><em>El Petit Pr\u00edncep<\/em> ajuda\u00a0 els nens i les nenes de cinqu\u00e8\u00a0 a que desenvolupen el gust per la lectura, alhora que <strong>els estimula a parlar del que viuen i senten<\/strong>, i <strong>a buscar\u00a0 el veritable valor de les experi\u00e8ncies, de l\u2019amistat, la responsabilitat i el comprom\u00eds, l\u2019amor, l\u2019autenticitat, el pas del temps&#8230;<\/strong><\/p>\n<p>\u00c9s el tipus d\u2019experi\u00e8ncia que oferim en La Jota per a que\u00a0 els nostres alumnes es converteixen en\u00a0 <em>fabricants de significats<\/em> i <em>constructors de mons<\/em> ( aprenen a ser <em>agents <\/em>en el propi proc\u00e9s de con\u00e8ixer i cr\u00e9ixer, no meros receptors de significats).<\/p>\n<p>D\u2019aquesta manera vivim <em>El Petit Pr\u00edncep<\/em> i somiem tot plegat:<\/p>\n<p><em>\u201cMe pregunto si las estrellas se iluminan con el fin de que alg\u00fan d\u00eda, cada uno pueda encontrar la suya\u201d.<\/em><\/p>\n<p><iframe loading=\"lazy\" src=\"\/\/www.youtube.com\/embed\/X0hD3RK9FO0\" width=\"560\" height=\"314\"><\/iframe><\/p>\n","protected":false},"excerpt":{"rendered":"<p>\u00a0\u00a0 ENS AJUDA A PENSAR I OMPLIR DE SIGNIFICAT EL NOSTRE M\u00d3N<\/p>\n<p>\u00abNo se ve bien sino con el coraz\u00f3n, lo esencial es invisible a los ojos\u00ab.<\/p>\n<p>Hi ha situacions que\u00a0 les coses se\u2019ns escapen, no les veiem. Per a poder valorar i descobrir el valor i la veritable ess\u00e8ncia d\u2019all\u00f2 que ens passa ens hem d\u2019acostar de ple, amb el cor, per a no quedar-nos en les aparences, en all\u00f2 superficial.&hellip;  <a href=\"https:\/\/agora.xtec.cat\/ceiplajota\/general\/el-petit-princep-a-5e\/\" title=\"Read EL PETIT PR\u00cdNCEP a 5\u00e8\">Llegeix m\u00e9s\u00bb<\/a><\/p>\n","protected":false},"author":3,"featured_media":4673,"comment_status":"open","ping_status":"closed","sticky":false,"template":"","format":"standard","meta":{"_bbp_topic_count":0,"_bbp_reply_count":0,"_bbp_total_topic_count":0,"_bbp_total_reply_count":0,"_bbp_voice_count":0,"_bbp_anonymous_reply_count":0,"_bbp_topic_count_hidden":0,"_bbp_reply_count_hidden":0,"_bbp_forum_subforum_count":0,"footnotes":""},"categories":[14,1],"tags":[],"class_list":["post-4669","post","type-post","status-publish","format-standard","has-post-thumbnail","hentry","category-5e","category-general"],"post_mailing_queue_ids":[],"_links":{"self":[{"href":"https:\/\/agora.xtec.cat\/ceiplajota\/wp-json\/wp\/v2\/posts\/4669","targetHints":{"allow":["GET"]}}],"collection":[{"href":"https:\/\/agora.xtec.cat\/ceiplajota\/wp-json\/wp\/v2\/posts"}],"about":[{"href":"https:\/\/agora.xtec.cat\/ceiplajota\/wp-json\/wp\/v2\/types\/post"}],"author":[{"embeddable":true,"href":"https:\/\/agora.xtec.cat\/ceiplajota\/wp-json\/wp\/v2\/users\/3"}],"replies":[{"embeddable":true,"href":"https:\/\/agora.xtec.cat\/ceiplajota\/wp-json\/wp\/v2\/comments?post=4669"}],"version-history":[{"count":3,"href":"https:\/\/agora.xtec.cat\/ceiplajota\/wp-json\/wp\/v2\/posts\/4669\/revisions"}],"predecessor-version":[{"id":4674,"href":"https:\/\/agora.xtec.cat\/ceiplajota\/wp-json\/wp\/v2\/posts\/4669\/revisions\/4674"}],"wp:featuredmedia":[{"embeddable":true,"href":"https:\/\/agora.xtec.cat\/ceiplajota\/wp-json\/wp\/v2\/media\/4673"}],"wp:attachment":[{"href":"https:\/\/agora.xtec.cat\/ceiplajota\/wp-json\/wp\/v2\/media?parent=4669"}],"wp:term":[{"taxonomy":"category","embeddable":true,"href":"https:\/\/agora.xtec.cat\/ceiplajota\/wp-json\/wp\/v2\/categories?post=4669"},{"taxonomy":"post_tag","embeddable":true,"href":"https:\/\/agora.xtec.cat\/ceiplajota\/wp-json\/wp\/v2\/tags?post=4669"}],"curies":[{"name":"wp","href":"https:\/\/api.w.org\/{rel}","templated":true}]}}