{"id":4665,"date":"2022-03-06T23:02:31","date_gmt":"2022-03-06T22:02:31","guid":{"rendered":"https:\/\/agora.xtec.cat\/ceiplajota\/?p=4665"},"modified":"2022-03-06T23:04:37","modified_gmt":"2022-03-06T22:04:37","slug":"com-som-per-dins","status":"publish","type":"post","link":"https:\/\/agora.xtec.cat\/ceiplajota\/general\/com-som-per-dins\/","title":{"rendered":"Com som per dins?"},"content":{"rendered":"<p><a href=\"https:\/\/agora.xtec.cat\/ceiplajota\/wp-content\/uploads\/usu1571\/2022\/03\/Com-som-per-dins.jpg\"><img loading=\"lazy\" decoding=\"async\" class=\"alignnone size-large wp-image-4666\" src=\"https:\/\/agora.xtec.cat\/ceiplajota\/wp-content\/uploads\/usu1571\/2022\/03\/Com-som-per-dins-1024x726.jpg\" alt=\"\" width=\"1024\" height=\"726\" srcset=\"https:\/\/agora.xtec.cat\/ceiplajota\/wp-content\/uploads\/usu1571\/2022\/03\/Com-som-per-dins-1024x726.jpg 1024w, https:\/\/agora.xtec.cat\/ceiplajota\/wp-content\/uploads\/usu1571\/2022\/03\/Com-som-per-dins-300x213.jpg 300w, https:\/\/agora.xtec.cat\/ceiplajota\/wp-content\/uploads\/usu1571\/2022\/03\/Com-som-per-dins-768x545.jpg 768w, https:\/\/agora.xtec.cat\/ceiplajota\/wp-content\/uploads\/usu1571\/2022\/03\/Com-som-per-dins-1536x1090.jpg 1536w, https:\/\/agora.xtec.cat\/ceiplajota\/wp-content\/uploads\/usu1571\/2022\/03\/Com-som-per-dins.jpg 1748w\" sizes=\"auto, (max-width: 1024px) 100vw, 1024px\" \/><\/a><\/p>\n<p>Els nens i nenes de 1r han estudiat el cos hum\u00e0.<\/p>\n<p>El treball sobre aquest tema es va iniciar perqu\u00e8 tot i que les persones tenim unes caracter\u00edstiques f\u00edsiques diferents entre nosaltres, el funcionament del nostre cos i els \u00f2rgans dels quals es compon s\u00f3n els mateixos. Cada \u00f2rgan t\u00e9 la seva funci\u00f3 que ens permet alimentar-nos, respirar, moure&#8217;ns i relacionar-nos. A les fotografies que podreu trobar a l&#8217;enlla\u00e7 es pot observar com despr\u00e9s d&#8217;un treball d&#8217;investigaci\u00f3 i recerca, els nens i nenes s\u00f3n capa\u00e7os d&#8217;expressar amb material divers les diferents parts del cos hum\u00e0.<\/p>\n<p><a href=\"https:\/\/photos.app.goo.gl\/sTAheikLCq9xEDu59\">COM SOM PER DINS?<\/a><\/p>\n","protected":false},"excerpt":{"rendered":"<p><a href=\"https:\/\/agora.xtec.cat\/ceiplajota\/wp-content\/uploads\/usu1571\/2022\/03\/Com-som-per-dins.jpg\"><\/a><br \/>\nEls nens i nenes de 1r han estudiat el cos hum\u00e0.<br \/>\nEl treball sobre aquest tema es va iniciar perqu\u00e8 tot i que les persones tenim unes caracter\u00edstiques f\u00edsiques diferents entre nosaltres, el funcionament del nostre cos i els \u00f2rgans dels quals es compon s\u00f3n&hellip;  <a href=\"https:\/\/agora.xtec.cat\/ceiplajota\/general\/com-som-per-dins\/\" title=\"Read Com som per dins?\">Llegeix m\u00e9s\u00bb<\/a><\/p>\n","protected":false},"author":34,"featured_media":4666,"comment_status":"open","ping_status":"closed","sticky":false,"template":"","format":"standard","meta":{"_bbp_topic_count":0,"_bbp_reply_count":0,"_bbp_total_topic_count":0,"_bbp_total_reply_count":0,"_bbp_voice_count":0,"_bbp_anonymous_reply_count":0,"_bbp_topic_count_hidden":0,"_bbp_reply_count_hidden":0,"_bbp_forum_subforum_count":0,"footnotes":""},"categories":[10,1,5],"tags":[84,70],"class_list":["post-4665","post","type-post","status-publish","format-standard","has-post-thumbnail","hentry","category-1r","category-general","category-primaria","tag-primer-curs-2020-2021","tag-primaria"],"post_mailing_queue_ids":[],"_links":{"self":[{"href":"https:\/\/agora.xtec.cat\/ceiplajota\/wp-json\/wp\/v2\/posts\/4665","targetHints":{"allow":["GET"]}}],"collection":[{"href":"https:\/\/agora.xtec.cat\/ceiplajota\/wp-json\/wp\/v2\/posts"}],"about":[{"href":"https:\/\/agora.xtec.cat\/ceiplajota\/wp-json\/wp\/v2\/types\/post"}],"author":[{"embeddable":true,"href":"https:\/\/agora.xtec.cat\/ceiplajota\/wp-json\/wp\/v2\/users\/34"}],"replies":[{"embeddable":true,"href":"https:\/\/agora.xtec.cat\/ceiplajota\/wp-json\/wp\/v2\/comments?post=4665"}],"version-history":[{"count":2,"href":"https:\/\/agora.xtec.cat\/ceiplajota\/wp-json\/wp\/v2\/posts\/4665\/revisions"}],"predecessor-version":[{"id":4668,"href":"https:\/\/agora.xtec.cat\/ceiplajota\/wp-json\/wp\/v2\/posts\/4665\/revisions\/4668"}],"wp:featuredmedia":[{"embeddable":true,"href":"https:\/\/agora.xtec.cat\/ceiplajota\/wp-json\/wp\/v2\/media\/4666"}],"wp:attachment":[{"href":"https:\/\/agora.xtec.cat\/ceiplajota\/wp-json\/wp\/v2\/media?parent=4665"}],"wp:term":[{"taxonomy":"category","embeddable":true,"href":"https:\/\/agora.xtec.cat\/ceiplajota\/wp-json\/wp\/v2\/categories?post=4665"},{"taxonomy":"post_tag","embeddable":true,"href":"https:\/\/agora.xtec.cat\/ceiplajota\/wp-json\/wp\/v2\/tags?post=4665"}],"curies":[{"name":"wp","href":"https:\/\/api.w.org\/{rel}","templated":true}]}}